{"id":1992,"date":"2026-09-02T00:30:38","date_gmt":"2026-09-02T03:30:38","guid":{"rendered":"https:\/\/www.encontracampinagrande.com.br\/sobre\/divulga-programacao-especial-do-setembro-amarelo-com-acoes-de-cuidado-e-valorizacao-da-vida-prefeitura-de-campina-grande\/"},"modified":"2026-09-02T00:30:38","modified_gmt":"2026-09-02T03:30:38","slug":"divulga-programacao-especial-do-setembro-amarelo-com-acoes-de-cuidado-e-valorizacao-da-vida-prefeitura-de-campina-grande","status":"publish","type":"post","link":"https:\/\/www.encontracampinagrande.com.br\/sobre\/divulga-programacao-especial-do-setembro-amarelo-com-acoes-de-cuidado-e-valorizacao-da-vida-prefeitura-de-campina-grande\/","title":{"rendered":"divulga programa\u00e7\u00e3o especial do Setembro Amarelo com a\u00e7\u00f5es de cuidado e valoriza\u00e7\u00e3o da vida | Prefeitura de Campina Grande"},"content":{"rendered":"<div class=\"b89f950780fb4e4d64d40062a6f17959\" data-index=\"1\" style=\"float: none; margin:0px;\">\n<!-- Anuncio display - global -->\r\n<ins class=\"adsbygoogle\"\r\n     style=\"display:block\"\r\n     data-ad-client=\"ca-pub-8585364105181520\"\r\n     data-ad-slot=\"8789329856\"\r\n     data-ad-format=\"auto\"\r\n     data-full-width-responsive=\"true\"><\/ins>\r\n<script>\r\n     (adsbygoogle = window.adsbygoogle || []).push({});\r\n<\/script>\n<\/div>\n<h2>O que \u00e9 Setembro Amarelo?<\/h2>\n<p>Setembro Amarelo \u00e9 uma campanha destinada \u00e0 preven\u00e7\u00e3o do suic\u00eddio e \u00e0 promo\u00e7\u00e3o da sa\u00fade mental. Durante o m\u00eas de setembro, s\u00e3o realizadas diversas a\u00e7\u00f5es que t\u00eam como objetivo conscientizar a popula\u00e7\u00e3o sobre a import\u00e2ncia do cuidado com a sa\u00fade mental, al\u00e9m de oferecer suporte e acolhimento \u00e0s pessoas que est\u00e3o enfrentando dificuldades emocionais e psicol\u00f3gicas.<\/p>\n<h2>A Import\u00e2ncia da Valoriza\u00e7\u00e3o da Vida<\/h2>\n<p>Promover a valoriza\u00e7\u00e3o da vida \u00e9 essencial para a constru\u00e7\u00e3o de uma sociedade mais saud\u00e1vel. A campanha Setembro Amarelo nos convida a refletir sobre a import\u00e2ncia de cuidar de n\u00f3s mesmos e dos outros, al\u00e9m de fortalecer la\u00e7os sociais. Falar sobre sa\u00fade mental ajuda a romper tabus e a criar um ambiente onde as pessoas se sintam confort\u00e1veis para buscar ajuda.<\/p>\n<h2>Programa\u00e7\u00e3o Especial em Campina Grande<\/h2>\n<p>A Prefeitura de Campina Grande elaborou uma programa\u00e7\u00e3o especial para o Setembro Amarelo, anunciando diversas atividades voltadas ao cuidado da sa\u00fade mental com o tema &#8220;Na vida, a melhor aposta \u00e9 no cuidado&#8221;. As iniciativas s\u00e3o organizadas pela Secretaria Municipal de Sa\u00fade e pela Secretaria Executiva de Sa\u00fade Mental, com o intuito de promover acolhimento, forma\u00e7\u00e3o e conscientiza\u00e7\u00e3o durante todo o m\u00eas. As atividades est\u00e3o organizadas de forma a incluir palestras, rodas de conversa e oficinas, abrangendo diversos p\u00fablicos.<\/p>\n<p><img decoding=\"async\" src=\"https:\/\/www.encontracampinagrande.com.br\/sobre\/wp-content\/uploads\/2026\/09\/divulga-programacao-especial-do-setembro-amarelo-com-acoes-de-cuidado-e-valorizacao-da-vida-prefeitu.webp\" alt=\"\" loading=\"lazy\" \/><\/p>\n<h2>Atividades Para Crian\u00e7as no CAPSinho<\/h2>\n<p>No contexto das a\u00e7\u00f5es destinadas \u00e0s crian\u00e7as atendidas pelo CAPSinho, foram desenvolvidas atividades t\u00e3o importantes quanto. Intitulada \u201cMeu mundo fora da tela\u201d, esta programa\u00e7\u00e3o incentivar\u00e1 os pequenos a se desconectarem dos dispositivos eletr\u00f4nicos e interagirem simultaneamente com o ambiente ao seu redor. Em um esfor\u00e7o para cultivar a criatividade e o conv\u00edvio social, foram programadas oficinas que ocorrer\u00e3o em hor\u00e1rios alternados, de manh\u00e3 e \u00e0 tarde.<\/p>\n<h2>Palestras e Semin\u00e1rios sobre Sa\u00fade Mental<\/h2>\n<p>Al\u00e9m das atividades l\u00fadicas, a programa\u00e7\u00e3o inclui palestras com profissionais renomados, como o psic\u00f3logo Max Lira, que apresentar\u00e1 a confer\u00eancia &#8220;Um Dia de Cada Vez: Caminhos para uma Vida com Sentido&#8221;. Este semin\u00e1rio, realizado no CAPS AD 2, tem a proposta de auxiliar as pessoas a encontrarem significado em suas vidas e buscar suporte ao longo do caminho.<\/p>\n<h2>Oficinas Terap\u00eauticas Inclusivas<\/h2>\n<p>As oficinas terap\u00eauticas s\u00e3o uma parte fundamental das a\u00e7\u00f5es programadas para o Setembro Amarelo, visando envolver a comunidade em atividades pr\u00e1ticas que promovam a sa\u00fade mental. Com temas variados, como o uso consciente da tecnologia, essas oficinas estimulam a troca de experi\u00eancias entre os participantes e incentivam a reflex\u00e3o sobre h\u00e1bitos saud\u00e1veis. A oficina &#8220;Reflexo&#8221;, por exemplo, proporcionar\u00e1 uma integra\u00e7\u00e3o entre os usu\u00e1rios do CAPS e atividades que fomentem a autoestima e a autoconhecimento.<\/p>\n<h2>Rede de Aten\u00e7\u00e3o Psicossocial<\/h2>\n<p>Em Campina Grande, existe uma rede municipal de aten\u00e7\u00e3o \u00e0 sa\u00fade mental que abrange v\u00e1rios servi\u00e7os. As Unidades B\u00e1sicas de Sa\u00fade (UBS) e Policl\u00ednicas, al\u00e9m dos centros especializados da Rede de Aten\u00e7\u00e3o Psicossocial (RAPS), garantem atendimento diversificado \u00e0 popula\u00e7\u00e3o. O Hospital Municipal Dr. Edgley tamb\u00e9m oferece suporte de emerg\u00eancia psiqui\u00e1trica, fechando o ciclo de cuidados necess\u00e1rios para o bem-estar da comunidade.<\/p>\n<h2>Como Acompanhar a Programa\u00e7\u00e3o<\/h2>\n<p>A programa\u00e7\u00e3o do Setembro Amarelo ser\u00e1 divulgada regularmente atrav\u00e9s dos canais oficiais da Prefeitura de Campina Grande. Os interessados em participar das atividades podem acompanhar as atualiza\u00e7\u00f5es nas redes sociais e no site oficial, garantindo que todos estejam informados sobre os eventos e possam se inscrever para as atividades que mais lhes interessam.<\/p>\n<h2>O Papel da Comunidade na Sa\u00fade Mental<\/h2>\n<p>A participa\u00e7\u00e3o comunit\u00e1ria \u00e9 crucial para o sucesso das a\u00e7\u00f5es de sa\u00fade mental. Cada membro da sociedade pode contribuir de forma ativa, seja participando dos eventos, promovendo discuss\u00f5es sobre o tema ou oferecendo apoio a indiv\u00edduos que enfrentam dificuldades. A constru\u00e7\u00e3o de uma rede solid\u00e1ria \u00e9 fundamental para a preven\u00e7\u00e3o e acolhimento no que diz respeito \u00e0 sa\u00fade mental.<\/p>\n<h2>Encerramento: Todos Pela Vida<\/h2>\n<p>O m\u00eas ser\u00e1 encerrado com um evento especial intitulado &#8220;Todos pela Vida&#8221;, que ocorrer\u00e1 na Pra\u00e7a da Bandeira. Este evento visa reunir toda a comunidade em um momento de reflex\u00f5es sobre a vida, celebra\u00e7\u00f5es e apresenta\u00e7\u00f5es culturais. \u00c9 um convite aberto a todos, enfatizando a import\u00e2ncia do cuidado coletivo e da constru\u00e7\u00e3o de um ambiente saud\u00e1vel para o bem-estar emocional de cada cidad\u00e3o.<\/p>\n\n<div style=\"font-size: 0px; height: 0px; line-height: 0px; margin: 0; padding: 0; clear: both;\"><\/div>","protected":false},"excerpt":{"rendered":"<p>Setembro Amarelo traz a\u00e7\u00f5es de valoriza\u00e7\u00e3o da vida e cuidado com a sa\u00fade mental em Campina Grande.<\/p>\n","protected":false},"author":1,"featured_media":1991,"comment_status":"open","ping_status":"","sticky":false,"template":"","format":"standard","meta":{"footnotes":""},"categories":[17],"tags":[],"class_list":["post-1992","post","type-post","status-publish","format-standard","has-post-thumbnail","hentry","category-educacao-em-campina-grande","has_thumb"],"aioseo_notices":[],"aioseo_head":"\n\t\t<!-- All in One SEO 5.0.0.1 - aioseo.com -->\n\t<meta name=\"description\" content=\"Setembro Amarelo traz a\u00e7\u00f5es de valoriza\u00e7\u00e3o da vida e cuidado com a sa\u00fade mental em Campina Grande.\" \/>\n\t<meta name=\"robots\" content=\"max-image-preview:large\" \/>\n\t<meta name=\"author\" content=\"Encontra Campina Grande\"\/>\n\t<link rel=\"canonical\" href=\"https:\/\/www.encontracampinagrande.com.br\/sobre\/divulga-programacao-especial-do-setembro-amarelo-com-acoes-de-cuidado-e-valorizacao-da-vida-prefeitura-de-campina-grande\/\" \/>\n\t<meta name=\"generator\" content=\"All in One SEO (AIOSEO) 5.0.0.1\" \/>\n\t\t<meta property=\"og:locale\" content=\"pt_BR\" \/>\n\t\t<meta property=\"og:site_name\" content=\"Encontra Campina Grande - Not\u00edcias, eventos, informa\u00e7\u00f5es e dicas na cidade de Campina Grande e regi\u00e3o.\" \/>\n\t\t<meta property=\"og:type\" content=\"article\" \/>\n\t\t<meta property=\"og:title\" content=\"divulga programa\u00e7\u00e3o especial do Setembro Amarelo com a\u00e7\u00f5es de cuidado e valoriza\u00e7\u00e3o da vida | Prefeitura de Campina Grande - Encontra Campina Grande\" \/>\n\t\t<meta property=\"og:description\" content=\"Setembro Amarelo traz a\u00e7\u00f5es de valoriza\u00e7\u00e3o da vida e cuidado com a sa\u00fade mental em Campina Grande.\" \/>\n\t\t<meta property=\"og:url\" content=\"https:\/\/www.encontracampinagrande.com.br\/sobre\/divulga-programacao-especial-do-setembro-amarelo-com-acoes-de-cuidado-e-valorizacao-da-vida-prefeitura-de-campina-grande\/\" \/>\n\t\t<meta property=\"article:published_time\" content=\"2026-09-02T03:30:38+00:00\" \/>\n\t\t<meta property=\"article:modified_time\" content=\"2026-09-02T03:30:38+00:00\" \/>\n\t\t<meta name=\"twitter:card\" content=\"summary_large_image\" \/>\n\t\t<meta name=\"twitter:title\" content=\"divulga programa\u00e7\u00e3o especial do Setembro Amarelo com a\u00e7\u00f5es de cuidado e valoriza\u00e7\u00e3o da vida | Prefeitura de Campina Grande - Encontra Campina Grande\" \/>\n\t\t<meta name=\"twitter:description\" content=\"Setembro Amarelo traz a\u00e7\u00f5es de valoriza\u00e7\u00e3o da vida e cuidado com a sa\u00fade mental em Campina Grande.\" \/>\n\t\t<script type=\"application\/ld+json\" class=\"aioseo-schema\">\n\t\t\t{\"@context\":\"https:\\\/\\\/schema.org\",\"@graph\":[{\"@type\":\"BlogPosting\",\"@id\":\"https:\\\/\\\/www.encontracampinagrande.com.br\\\/sobre\\\/divulga-programacao-especial-do-setembro-amarelo-com-acoes-de-cuidado-e-valorizacao-da-vida-prefeitura-de-campina-grande\\\/#blogposting\",\"name\":\"divulga programa\\u00e7\\u00e3o especial do Setembro Amarelo com a\\u00e7\\u00f5es de cuidado e valoriza\\u00e7\\u00e3o da vida | Prefeitura de Campina Grande - Encontra Campina Grande\",\"headline\":\"divulga programa\\u00e7\\u00e3o especial do Setembro Amarelo com a\\u00e7\\u00f5es de cuidado e valoriza\\u00e7\\u00e3o da vida | Prefeitura de Campina Grande\",\"author\":{\"@id\":\"https:\\\/\\\/www.encontracampinagrande.com.br\\\/sobre\\\/author\\\/ecampinagrande\\\/#author\"},\"publisher\":{\"@id\":\"https:\\\/\\\/www.encontracampinagrande.com.br\\\/sobre\\\/#organization\"},\"image\":{\"@type\":\"ImageObject\",\"url\":\"https:\\\/\\\/www.encontracampinagrande.com.br\\\/sobre\\\/wp-content\\\/uploads\\\/2026\\\/09\\\/divulga-programacao-especial-do-setembro-amarelo-com-acoes-de-cuidado-e-valorizacao-da-vida-prefeitu.webp\",\"width\":280,\"height\":280},\"datePublished\":\"2026-09-02T00:30:38-03:00\",\"dateModified\":\"2026-09-02T00:30:38-03:00\",\"inLanguage\":\"pt-BR\",\"mainEntityOfPage\":{\"@id\":\"https:\\\/\\\/www.encontracampinagrande.com.br\\\/sobre\\\/divulga-programacao-especial-do-setembro-amarelo-com-acoes-de-cuidado-e-valorizacao-da-vida-prefeitura-de-campina-grande\\\/#webpage\"},\"isPartOf\":{\"@id\":\"https:\\\/\\\/www.encontracampinagrande.com.br\\\/sobre\\\/divulga-programacao-especial-do-setembro-amarelo-com-acoes-de-cuidado-e-valorizacao-da-vida-prefeitura-de-campina-grande\\\/#webpage\"},\"articleSection\":\"Educa\\u00e7\\u00e3o Campina Grande\"},{\"@type\":\"BreadcrumbList\",\"@id\":\"https:\\\/\\\/www.encontracampinagrande.com.br\\\/sobre\\\/divulga-programacao-especial-do-setembro-amarelo-com-acoes-de-cuidado-e-valorizacao-da-vida-prefeitura-de-campina-grande\\\/#breadcrumblist\",\"itemListElement\":[{\"@type\":\"ListItem\",\"@id\":\"https:\\\/\\\/www.encontracampinagrande.com.br\\\/sobre#listItem\",\"position\":1,\"name\":\"In\\u00edcio\",\"item\":\"https:\\\/\\\/www.encontracampinagrande.com.br\\\/sobre\",\"nextItem\":{\"@type\":\"ListItem\",\"@id\":\"https:\\\/\\\/www.encontracampinagrande.com.br\\\/sobre\\\/educacao-em-campina-grande\\\/#listItem\",\"name\":\"Educa\\u00e7\\u00e3o Campina Grande\"}},{\"@type\":\"ListItem\",\"@id\":\"https:\\\/\\\/www.encontracampinagrande.com.br\\\/sobre\\\/educacao-em-campina-grande\\\/#listItem\",\"position\":2,\"name\":\"Educa\\u00e7\\u00e3o Campina Grande\",\"item\":\"https:\\\/\\\/www.encontracampinagrande.com.br\\\/sobre\\\/educacao-em-campina-grande\\\/\",\"nextItem\":{\"@type\":\"ListItem\",\"@id\":\"https:\\\/\\\/www.encontracampinagrande.com.br\\\/sobre\\\/divulga-programacao-especial-do-setembro-amarelo-com-acoes-de-cuidado-e-valorizacao-da-vida-prefeitura-de-campina-grande\\\/#listItem\",\"name\":\"divulga programa\\u00e7\\u00e3o especial do Setembro Amarelo com a\\u00e7\\u00f5es de cuidado e valoriza\\u00e7\\u00e3o da vida | Prefeitura de Campina Grande\"},\"previousItem\":{\"@type\":\"ListItem\",\"@id\":\"https:\\\/\\\/www.encontracampinagrande.com.br\\\/sobre#listItem\",\"name\":\"In\\u00edcio\"}},{\"@type\":\"ListItem\",\"@id\":\"https:\\\/\\\/www.encontracampinagrande.com.br\\\/sobre\\\/divulga-programacao-especial-do-setembro-amarelo-com-acoes-de-cuidado-e-valorizacao-da-vida-prefeitura-de-campina-grande\\\/#listItem\",\"position\":3,\"name\":\"divulga programa\\u00e7\\u00e3o especial do Setembro Amarelo com a\\u00e7\\u00f5es de cuidado e valoriza\\u00e7\\u00e3o da vida | Prefeitura de Campina Grande\",\"previousItem\":{\"@type\":\"ListItem\",\"@id\":\"https:\\\/\\\/www.encontracampinagrande.com.br\\\/sobre\\\/educacao-em-campina-grande\\\/#listItem\",\"name\":\"Educa\\u00e7\\u00e3o Campina Grande\"}}]},{\"@type\":\"Organization\",\"@id\":\"https:\\\/\\\/www.encontracampinagrande.com.br\\\/sobre\\\/#organization\",\"name\":\"Not\\u00edcias da Cidade Campina Grande\",\"description\":\"Not\\u00edcias, eventos, informa\\u00e7\\u00f5es e dicas na cidade de Campina Grande e regi\\u00e3o.\",\"url\":\"https:\\\/\\\/www.encontracampinagrande.com.br\\\/sobre\\\/\"},{\"@type\":\"Person\",\"@id\":\"https:\\\/\\\/www.encontracampinagrande.com.br\\\/sobre\\\/author\\\/ecampinagrande\\\/#author\",\"url\":\"https:\\\/\\\/www.encontracampinagrande.com.br\\\/sobre\\\/author\\\/ecampinagrande\\\/\",\"name\":\"Encontra Campina Grande\",\"image\":{\"@type\":\"ImageObject\",\"@id\":\"https:\\\/\\\/www.encontracampinagrande.com.br\\\/sobre\\\/divulga-programacao-especial-do-setembro-amarelo-com-acoes-de-cuidado-e-valorizacao-da-vida-prefeitura-de-campina-grande\\\/#authorImage\",\"url\":\"https:\\\/\\\/secure.gravatar.com\\\/avatar\\\/507340682b8270222e1f208e23198b6ae7e2c6a1033ae84e99bc6bce4f82a387?s=96&d=mm&r=g\",\"width\":96,\"height\":96,\"caption\":\"Encontra Campina Grande\"}},{\"@type\":\"WebPage\",\"@id\":\"https:\\\/\\\/www.encontracampinagrande.com.br\\\/sobre\\\/divulga-programacao-especial-do-setembro-amarelo-com-acoes-de-cuidado-e-valorizacao-da-vida-prefeitura-de-campina-grande\\\/#webpage\",\"url\":\"https:\\\/\\\/www.encontracampinagrande.com.br\\\/sobre\\\/divulga-programacao-especial-do-setembro-amarelo-com-acoes-de-cuidado-e-valorizacao-da-vida-prefeitura-de-campina-grande\\\/\",\"name\":\"divulga programa\\u00e7\\u00e3o especial do Setembro Amarelo com a\\u00e7\\u00f5es de cuidado e valoriza\\u00e7\\u00e3o da vida | Prefeitura de Campina Grande - Encontra Campina Grande\",\"description\":\"Setembro Amarelo traz a\\u00e7\\u00f5es de valoriza\\u00e7\\u00e3o da vida e cuidado com a sa\\u00fade mental em Campina Grande.\",\"inLanguage\":\"pt-BR\",\"isPartOf\":{\"@id\":\"https:\\\/\\\/www.encontracampinagrande.com.br\\\/sobre\\\/#website\"},\"breadcrumb\":{\"@id\":\"https:\\\/\\\/www.encontracampinagrande.com.br\\\/sobre\\\/divulga-programacao-especial-do-setembro-amarelo-com-acoes-de-cuidado-e-valorizacao-da-vida-prefeitura-de-campina-grande\\\/#breadcrumblist\"},\"author\":{\"@id\":\"https:\\\/\\\/www.encontracampinagrande.com.br\\\/sobre\\\/author\\\/ecampinagrande\\\/#author\"},\"creator\":{\"@id\":\"https:\\\/\\\/www.encontracampinagrande.com.br\\\/sobre\\\/author\\\/ecampinagrande\\\/#author\"},\"image\":{\"@type\":\"ImageObject\",\"url\":\"https:\\\/\\\/www.encontracampinagrande.com.br\\\/sobre\\\/wp-content\\\/uploads\\\/2026\\\/09\\\/divulga-programacao-especial-do-setembro-amarelo-com-acoes-de-cuidado-e-valorizacao-da-vida-prefeitu.webp\",\"@id\":\"https:\\\/\\\/www.encontracampinagrande.com.br\\\/sobre\\\/divulga-programacao-especial-do-setembro-amarelo-com-acoes-de-cuidado-e-valorizacao-da-vida-prefeitura-de-campina-grande\\\/#mainImage\",\"width\":280,\"height\":280},\"primaryImageOfPage\":{\"@id\":\"https:\\\/\\\/www.encontracampinagrande.com.br\\\/sobre\\\/divulga-programacao-especial-do-setembro-amarelo-com-acoes-de-cuidado-e-valorizacao-da-vida-prefeitura-de-campina-grande\\\/#mainImage\"},\"datePublished\":\"2026-09-02T00:30:38-03:00\",\"dateModified\":\"2026-09-02T00:30:38-03:00\"},{\"@type\":\"WebSite\",\"@id\":\"https:\\\/\\\/www.encontracampinagrande.com.br\\\/sobre\\\/#website\",\"url\":\"https:\\\/\\\/www.encontracampinagrande.com.br\\\/sobre\\\/\",\"name\":\"Not\\u00edcias da Cidade Campina Grande\",\"description\":\"Not\\u00edcias, eventos, informa\\u00e7\\u00f5es e dicas na cidade de Campina Grande e regi\\u00e3o.\",\"inLanguage\":\"pt-BR\",\"publisher\":{\"@id\":\"https:\\\/\\\/www.encontracampinagrande.com.br\\\/sobre\\\/#organization\"}}]}\n\t\t<\/script>\n\t\t<!-- All in One SEO -->\n\n","aioseo_head_json":{"title":"divulga programa\u00e7\u00e3o especial do Setembro Amarelo com a\u00e7\u00f5es de cuidado e valoriza\u00e7\u00e3o da vida | Prefeitura de Campina Grande - Encontra Campina Grande","description":"Setembro Amarelo traz a\u00e7\u00f5es de valoriza\u00e7\u00e3o da vida e cuidado com a sa\u00fade mental em Campina Grande.","canonical_url":"https:\/\/www.encontracampinagrande.com.br\/sobre\/divulga-programacao-especial-do-setembro-amarelo-com-acoes-de-cuidado-e-valorizacao-da-vida-prefeitura-de-campina-grande\/","robots":"max-image-preview:large","keywords":"","webmasterTools":{"miscellaneous":""},"schema":{"@context":"https:\/\/schema.org","@graph":[{"@type":"BlogPosting","@id":"https:\/\/www.encontracampinagrande.com.br\/sobre\/divulga-programacao-especial-do-setembro-amarelo-com-acoes-de-cuidado-e-valorizacao-da-vida-prefeitura-de-campina-grande\/#blogposting","name":"divulga programa\u00e7\u00e3o especial do Setembro Amarelo com a\u00e7\u00f5es de cuidado e valoriza\u00e7\u00e3o da vida | Prefeitura de Campina Grande - Encontra Campina Grande","headline":"divulga programa\u00e7\u00e3o especial do Setembro Amarelo com a\u00e7\u00f5es de cuidado e valoriza\u00e7\u00e3o da vida | Prefeitura de Campina Grande","author":{"@id":"https:\/\/www.encontracampinagrande.com.br\/sobre\/author\/ecampinagrande\/#author"},"publisher":{"@id":"https:\/\/www.encontracampinagrande.com.br\/sobre\/#organization"},"image":{"@type":"ImageObject","url":"https:\/\/www.encontracampinagrande.com.br\/sobre\/wp-content\/uploads\/2026\/09\/divulga-programacao-especial-do-setembro-amarelo-com-acoes-de-cuidado-e-valorizacao-da-vida-prefeitu.webp","width":280,"height":280},"datePublished":"2026-09-02T00:30:38-03:00","dateModified":"2026-09-02T00:30:38-03:00","inLanguage":"pt-BR","mainEntityOfPage":{"@id":"https:\/\/www.encontracampinagrande.com.br\/sobre\/divulga-programacao-especial-do-setembro-amarelo-com-acoes-de-cuidado-e-valorizacao-da-vida-prefeitura-de-campina-grande\/#webpage"},"isPartOf":{"@id":"https:\/\/www.encontracampinagrande.com.br\/sobre\/divulga-programacao-especial-do-setembro-amarelo-com-acoes-de-cuidado-e-valorizacao-da-vida-prefeitura-de-campina-grande\/#webpage"},"articleSection":"Educa\u00e7\u00e3o Campina Grande"},{"@type":"BreadcrumbList","@id":"https:\/\/www.encontracampinagrande.com.br\/sobre\/divulga-programacao-especial-do-setembro-amarelo-com-acoes-de-cuidado-e-valorizacao-da-vida-prefeitura-de-campina-grande\/#breadcrumblist","itemListElement":[{"@type":"ListItem","@id":"https:\/\/www.encontracampinagrande.com.br\/sobre#listItem","position":1,"name":"In\u00edcio","item":"https:\/\/www.encontracampinagrande.com.br\/sobre","nextItem":{"@type":"ListItem","@id":"https:\/\/www.encontracampinagrande.com.br\/sobre\/educacao-em-campina-grande\/#listItem","name":"Educa\u00e7\u00e3o Campina Grande"}},{"@type":"ListItem","@id":"https:\/\/www.encontracampinagrande.com.br\/sobre\/educacao-em-campina-grande\/#listItem","position":2,"name":"Educa\u00e7\u00e3o Campina Grande","item":"https:\/\/www.encontracampinagrande.com.br\/sobre\/educacao-em-campina-grande\/","nextItem":{"@type":"ListItem","@id":"https:\/\/www.encontracampinagrande.com.br\/sobre\/divulga-programacao-especial-do-setembro-amarelo-com-acoes-de-cuidado-e-valorizacao-da-vida-prefeitura-de-campina-grande\/#listItem","name":"divulga programa\u00e7\u00e3o especial do Setembro Amarelo com a\u00e7\u00f5es de cuidado e valoriza\u00e7\u00e3o da vida | Prefeitura de Campina Grande"},"previousItem":{"@type":"ListItem","@id":"https:\/\/www.encontracampinagrande.com.br\/sobre#listItem","name":"In\u00edcio"}},{"@type":"ListItem","@id":"https:\/\/www.encontracampinagrande.com.br\/sobre\/divulga-programacao-especial-do-setembro-amarelo-com-acoes-de-cuidado-e-valorizacao-da-vida-prefeitura-de-campina-grande\/#listItem","position":3,"name":"divulga programa\u00e7\u00e3o especial do Setembro Amarelo com a\u00e7\u00f5es de cuidado e valoriza\u00e7\u00e3o da vida | Prefeitura de Campina Grande","previousItem":{"@type":"ListItem","@id":"https:\/\/www.encontracampinagrande.com.br\/sobre\/educacao-em-campina-grande\/#listItem","name":"Educa\u00e7\u00e3o Campina Grande"}}]},{"@type":"Organization","@id":"https:\/\/www.encontracampinagrande.com.br\/sobre\/#organization","name":"Not\u00edcias da Cidade Campina Grande","description":"Not\u00edcias, eventos, informa\u00e7\u00f5es e dicas na cidade de Campina Grande e regi\u00e3o.","url":"https:\/\/www.encontracampinagrande.com.br\/sobre\/"},{"@type":"Person","@id":"https:\/\/www.encontracampinagrande.com.br\/sobre\/author\/ecampinagrande\/#author","url":"https:\/\/www.encontracampinagrande.com.br\/sobre\/author\/ecampinagrande\/","name":"Encontra Campina Grande","image":{"@type":"ImageObject","@id":"https:\/\/www.encontracampinagrande.com.br\/sobre\/divulga-programacao-especial-do-setembro-amarelo-com-acoes-de-cuidado-e-valorizacao-da-vida-prefeitura-de-campina-grande\/#authorImage","url":"https:\/\/secure.gravatar.com\/avatar\/507340682b8270222e1f208e23198b6ae7e2c6a1033ae84e99bc6bce4f82a387?s=96&d=mm&r=g","width":96,"height":96,"caption":"Encontra Campina Grande"}},{"@type":"WebPage","@id":"https:\/\/www.encontracampinagrande.com.br\/sobre\/divulga-programacao-especial-do-setembro-amarelo-com-acoes-de-cuidado-e-valorizacao-da-vida-prefeitura-de-campina-grande\/#webpage","url":"https:\/\/www.encontracampinagrande.com.br\/sobre\/divulga-programacao-especial-do-setembro-amarelo-com-acoes-de-cuidado-e-valorizacao-da-vida-prefeitura-de-campina-grande\/","name":"divulga programa\u00e7\u00e3o especial do Setembro Amarelo com a\u00e7\u00f5es de cuidado e valoriza\u00e7\u00e3o da vida | Prefeitura de Campina Grande - Encontra Campina Grande","description":"Setembro Amarelo traz a\u00e7\u00f5es de valoriza\u00e7\u00e3o da vida e cuidado com a sa\u00fade mental em Campina Grande.","inLanguage":"pt-BR","isPartOf":{"@id":"https:\/\/www.encontracampinagrande.com.br\/sobre\/#website"},"breadcrumb":{"@id":"https:\/\/www.encontracampinagrande.com.br\/sobre\/divulga-programacao-especial-do-setembro-amarelo-com-acoes-de-cuidado-e-valorizacao-da-vida-prefeitura-de-campina-grande\/#breadcrumblist"},"author":{"@id":"https:\/\/www.encontracampinagrande.com.br\/sobre\/author\/ecampinagrande\/#author"},"creator":{"@id":"https:\/\/www.encontracampinagrande.com.br\/sobre\/author\/ecampinagrande\/#author"},"image":{"@type":"ImageObject","url":"https:\/\/www.encontracampinagrande.com.br\/sobre\/wp-content\/uploads\/2026\/09\/divulga-programacao-especial-do-setembro-amarelo-com-acoes-de-cuidado-e-valorizacao-da-vida-prefeitu.webp","@id":"https:\/\/www.encontracampinagrande.com.br\/sobre\/divulga-programacao-especial-do-setembro-amarelo-com-acoes-de-cuidado-e-valorizacao-da-vida-prefeitura-de-campina-grande\/#mainImage","width":280,"height":280},"primaryImageOfPage":{"@id":"https:\/\/www.encontracampinagrande.com.br\/sobre\/divulga-programacao-especial-do-setembro-amarelo-com-acoes-de-cuidado-e-valorizacao-da-vida-prefeitura-de-campina-grande\/#mainImage"},"datePublished":"2026-09-02T00:30:38-03:00","dateModified":"2026-09-02T00:30:38-03:00"},{"@type":"WebSite","@id":"https:\/\/www.encontracampinagrande.com.br\/sobre\/#website","url":"https:\/\/www.encontracampinagrande.com.br\/sobre\/","name":"Not\u00edcias da Cidade Campina Grande","description":"Not\u00edcias, eventos, informa\u00e7\u00f5es e dicas na cidade de Campina Grande e regi\u00e3o.","inLanguage":"pt-BR","publisher":{"@id":"https:\/\/www.encontracampinagrande.com.br\/sobre\/#organization"}}]},"og:locale":"pt_BR","og:site_name":"Encontra Campina Grande - Not\u00edcias, eventos, informa\u00e7\u00f5es e dicas na cidade de Campina Grande e regi\u00e3o.","og:type":"article","og:title":"divulga programa\u00e7\u00e3o especial do Setembro Amarelo com a\u00e7\u00f5es de cuidado e valoriza\u00e7\u00e3o da vida | Prefeitura de Campina Grande - Encontra Campina Grande","og:description":"Setembro Amarelo traz a\u00e7\u00f5es de valoriza\u00e7\u00e3o da vida e cuidado com a sa\u00fade mental em Campina Grande.","og:url":"https:\/\/www.encontracampinagrande.com.br\/sobre\/divulga-programacao-especial-do-setembro-amarelo-com-acoes-de-cuidado-e-valorizacao-da-vida-prefeitura-de-campina-grande\/","article:published_time":"2026-09-02T03:30:38+00:00","article:modified_time":"2026-09-02T03:30:38+00:00","twitter:card":"summary_large_image","twitter:title":"divulga programa\u00e7\u00e3o especial do Setembro Amarelo com a\u00e7\u00f5es de cuidado e valoriza\u00e7\u00e3o da vida | Prefeitura de Campina Grande - Encontra Campina Grande","twitter:description":"Setembro Amarelo traz a\u00e7\u00f5es de valoriza\u00e7\u00e3o da vida e cuidado com a sa\u00fade mental em Campina Grande."},"aioseo_meta_data":{"post_id":"1992","title":null,"description":null,"keywords":null,"keyphrases":null,"primary_term":null,"canonical_url":null,"og_title":null,"og_description":null,"og_object_type":"default","og_image_type":"default","og_image_url":null,"og_image_width":null,"og_image_height":null,"og_image_custom_url":null,"og_image_custom_fields":null,"og_video":null,"og_custom_url":null,"og_article_section":null,"og_article_tags":null,"twitter_use_og":false,"twitter_card":"default","twitter_image_type":"default","twitter_image_url":null,"twitter_image_custom_url":null,"twitter_image_custom_fields":null,"twitter_title":null,"twitter_description":null,"schema":{"blockGraphs":[],"customGraphs":[],"default":{"data":{"Article":[],"Course":[],"Dataset":[],"FAQPage":[],"Movie":[],"Person":[],"Product":[],"ProductReview":[],"Car":[],"Recipe":[],"Service":[],"SoftwareApplication":[],"WebPage":[]},"graphName":"","isEnabled":true},"graphs":[]},"schema_type":"default","schema_type_options":null,"pillar_content":false,"robots_default":true,"robots_noindex":false,"robots_noarchive":false,"robots_nosnippet":false,"robots_nofollow":false,"robots_noimageindex":false,"robots_noodp":false,"robots_notranslate":false,"robots_max_snippet":null,"robots_max_videopreview":null,"robots_max_imagepreview":"large","priority":null,"frequency":null,"local_seo":null,"breadcrumb_settings":null,"limit_modified_date":false,"ai":null,"created":"2026-09-02 04:13:55","updated":"2026-09-02 04:13:55","focus_keyword":null,"additional_keywords":null,"truseo_locale":null,"seo_analyzer_scan_date":null},"aioseo_breadcrumb":"<div class=\"aioseo-breadcrumbs\"><span class=\"aioseo-breadcrumb\">\n\t\t\t<a href=\"https:\/\/www.encontracampinagrande.com.br\/sobre\" title=\"In\u00edcio\">In\u00edcio<\/a>\n\t\t<\/span><span class=\"aioseo-breadcrumb-separator\">&raquo;<\/span><span class=\"aioseo-breadcrumb\">\n\t\t\t<a href=\"https:\/\/www.encontracampinagrande.com.br\/sobre\/educacao-em-campina-grande\/\" title=\"Educa\u00e7\u00e3o Campina Grande\">Educa\u00e7\u00e3o Campina Grande<\/a>\n\t\t<\/span><span class=\"aioseo-breadcrumb-separator\">&raquo;<\/span><span class=\"aioseo-breadcrumb\">\n\t\t\tdivulga programa\u00e7\u00e3o especial do Setembro Amarelo com a\u00e7\u00f5es de cuidado e valoriza\u00e7\u00e3o da vida | Prefeitura de Campina Grande\n\t\t<\/span><\/div>","aioseo_breadcrumb_json":[{"label":"In\u00edcio","link":"https:\/\/www.encontracampinagrande.com.br\/sobre"},{"label":"Educa\u00e7\u00e3o Campina Grande","link":"https:\/\/www.encontracampinagrande.com.br\/sobre\/educacao-em-campina-grande\/"},{"label":"divulga programa\u00e7\u00e3o especial do Setembro Amarelo com a\u00e7\u00f5es de cuidado e valoriza\u00e7\u00e3o da vida | Prefeitura de Campina Grande","link":"https:\/\/www.encontracampinagrande.com.br\/sobre\/divulga-programacao-especial-do-setembro-amarelo-com-acoes-de-cuidado-e-valorizacao-da-vida-prefeitura-de-campina-grande\/"}],"_links":{"self":[{"href":"https:\/\/www.encontracampinagrande.com.br\/sobre\/wp-json\/wp\/v2\/posts\/1992","targetHints":{"allow":["GET"]}}],"collection":[{"href":"https:\/\/www.encontracampinagrande.com.br\/sobre\/wp-json\/wp\/v2\/posts"}],"about":[{"href":"https:\/\/www.encontracampinagrande.com.br\/sobre\/wp-json\/wp\/v2\/types\/post"}],"author":[{"embeddable":true,"href":"https:\/\/www.encontracampinagrande.com.br\/sobre\/wp-json\/wp\/v2\/users\/1"}],"replies":[{"embeddable":true,"href":"https:\/\/www.encontracampinagrande.com.br\/sobre\/wp-json\/wp\/v2\/comments?post=1992"}],"version-history":[{"count":0,"href":"https:\/\/www.encontracampinagrande.com.br\/sobre\/wp-json\/wp\/v2\/posts\/1992\/revisions"}],"wp:featuredmedia":[{"embeddable":true,"href":"https:\/\/www.encontracampinagrande.com.br\/sobre\/wp-json\/wp\/v2\/media\/1991"}],"wp:attachment":[{"href":"https:\/\/www.encontracampinagrande.com.br\/sobre\/wp-json\/wp\/v2\/media?parent=1992"}],"wp:term":[{"taxonomy":"category","embeddable":true,"href":"https:\/\/www.encontracampinagrande.com.br\/sobre\/wp-json\/wp\/v2\/categories?post=1992"},{"taxonomy":"post_tag","embeddable":true,"href":"https:\/\/www.encontracampinagrande.com.br\/sobre\/wp-json\/wp\/v2\/tags?post=1992"}],"curies":[{"name":"wp","href":"https:\/\/api.w.org\/{rel}","templated":true}]}}