{"id":1988,"date":"2026-09-02T00:28:29","date_gmt":"2026-09-02T03:28:29","guid":{"rendered":"https:\/\/www.encontracampinagrande.com.br\/sobre\/seduc-abre-comemoracoes-da-semana-da-patria-com-hasteamento-das-bandeiras-em-campina-grande\/"},"modified":"2026-09-02T00:28:29","modified_gmt":"2026-09-02T03:28:29","slug":"seduc-abre-comemoracoes-da-semana-da-patria-com-hasteamento-das-bandeiras-em-campina-grande","status":"publish","type":"post","link":"https:\/\/www.encontracampinagrande.com.br\/sobre\/seduc-abre-comemoracoes-da-semana-da-patria-com-hasteamento-das-bandeiras-em-campina-grande\/","title":{"rendered":"Seduc abre comemora\u00e7\u00f5es da Semana da P\u00e1tria com hasteamento das bandeiras, em Campina Grande"},"content":{"rendered":"<div class=\"b89f950780fb4e4d64d40062a6f17959\" data-index=\"1\" style=\"float: none; margin:0px;\">\n<!-- Anuncio display - global -->\r\n<ins class=\"adsbygoogle\"\r\n     style=\"display:block\"\r\n     data-ad-client=\"ca-pub-8585364105181520\"\r\n     data-ad-slot=\"8789329856\"\r\n     data-ad-format=\"auto\"\r\n     data-full-width-responsive=\"true\"><\/ins>\r\n<script>\r\n     (adsbygoogle = window.adsbygoogle || []).push({});\r\n<\/script>\n<\/div>\n<h2>O que \u00e9 a Semana da P\u00e1tria?<\/h2>\n<p>A Semana da P\u00e1tria \u00e9 um per\u00edodo especial que celebra a independ\u00eancia do Brasil, marcada por eventos c\u00edvicos que promovem o patriotismo e a conscientiza\u00e7\u00e3o hist\u00f3rica. Essa festividade ocorre anualmente, geralmente entre os dias 1\u00ba e 7 de setembro, culminando no Dia da Independ\u00eancia. \u00c9 uma oportunidade para refletir sobre a hist\u00f3ria e os valores da na\u00e7\u00e3o, al\u00e9m de fortalecer la\u00e7os comunit\u00e1rios.<\/p>\n<h2>Hasteamento das Bandeiras: Um S\u00edmbolo de Unidade<\/h2>\n<p>O hasteamento das bandeiras \u00e9 um dos principais rituais da Semana da P\u00e1tria. Este ato simb\u00f3lico envolve a eleva\u00e7\u00e3o das bandeiras do Brasil, da Para\u00edba e da cidade de Campina Grande, representando a uni\u00e3o e o orgulho nacional. Realizado em locais p\u00fablicos, como pra\u00e7as e escolas, o hasteamento mobiliza a comunidade, incentivando o respeito e a valoriza\u00e7\u00e3o do s\u00edmbolo nacional.<\/p>\n<h2>A Programa\u00e7\u00e3o Oficial da Semana da P\u00e1tria<\/h2>\n<p>A programa\u00e7\u00e3o oficial da Semana da P\u00e1tria em Campina Grande abrange cerim\u00f4nias, apresenta\u00e7\u00f5es culturais e desfiles c\u00edvicos. Neste ano, as comemora\u00e7\u00f5es tiveram in\u00edcio no dia 1\u00ba de setembro, com um hasteamento simb\u00f3lico \u00e0s 8h na Pra\u00e7a da Bandeira, e prosseguem com eventos at\u00e9 o dia 13 de setembro nos distritos de Galante e S\u00e3o Jos\u00e9 da Mata. O tema deste ano \u00e9 &#8220;Equidade, sustentabilidade e tecnologias: conex\u00f5es que transformam&#8221;.<\/p>\n<p><img decoding=\"async\" src=\"https:\/\/www.encontracampinagrande.com.br\/sobre\/wp-content\/uploads\/2026\/09\/seduc-abre-comemoracoes-da-semana-da-patria-com-hasteamento-das-bandeiras-em-campina-grande.webp\" alt=\"Semana da P\u00e1tria\" loading=\"lazy\" \/><\/p>\n<ul>\n<li><strong>1\u00ba de setembro:<\/strong> Hasteamento das bandeiras na Pra\u00e7a da Bandeira, 8h.<\/li>\n<li><strong>7 de setembro:<\/strong> Desfile c\u00edvico na Avenida Floriano Peixoto, 8h, precedido pelo hasteamento \u00e0s 7h.<\/li>\n<li><strong>7 de setembro em Galante:<\/strong> Desfile a partir das 14h.<\/li>\n<li><strong>13 de setembro em S\u00e3o Jos\u00e9 da Mata:<\/strong> Desfile a partir das 14h30.<\/li>\n<\/ul>\n<h2>Import\u00e2ncia da Educa\u00e7\u00e3o C\u00edvica nas Celebra\u00e7\u00f5es<\/h2>\n<p>As nutri\u00e7\u00f5es c\u00edvicas e educacionais s\u00e3o essenciais durante a Semana da P\u00e1tria. Rosultando em novas gera\u00e7\u00f5es mais conscientes, essas celebra\u00e7\u00f5es promovem o entendimento sobre a import\u00e2ncia da hist\u00f3ria do pa\u00eds e seu desenvolvimento democr\u00e1tico. Atrav\u00e9s das atividades planejadas, os jovens t\u00eam a oportunidade de aprender sobre as lutas do passado e a necessidade de preservar os direitos conquistados.<\/p>\n<h2>Eventos em Campina Grande: O Que Esperar<\/h2>\n<p>Os eventos em Campina Grande durante a Semana da P\u00e1tria s\u00e3o repletos de atividades que visam envolver a popula\u00e7\u00e3o. Com mais de 15 mil pessoas esperadas, as comemora\u00e7\u00f5es incluem apresenta\u00e7\u00f5es art\u00edsticas e discursos que refor\u00e7am o esp\u00edrito de uni\u00e3o da comunidade. As autoridades municipais, incluindo o secret\u00e1rio municipal de Educa\u00e7\u00e3o, participam ativamente, destacando a import\u00e2ncia do momento.<\/p>\n<h2>Participa\u00e7\u00e3o da Comunidade nas Comemora\u00e7\u00f5es<\/h2>\n<p>A participa\u00e7\u00e3o da comunidade \u00e9 fundamental para o sucesso das celebra\u00e7\u00f5es. Os cidad\u00e3os s\u00e3o encorajados a comparecer \u00e0s cerim\u00f4nias e desfiles, bem como a se envolver em a\u00e7\u00f5es que promovem o civismo. Isso ressalta a import\u00e2ncia da coletividade e da responsabilidade social em construir um pa\u00eds melhor. Pais e filhos s\u00e3o convidados a se unirem, fortalecendo v\u00ednculos familiares e comunit\u00e1rios ao celebrarem juntos.<\/p>\n<h2>Civismo: O Que Significa para a Sociedade<\/h2>\n<p>O civismo \u00e9 um valor fundamental em uma sociedade democr\u00e1tica. Ao participar da Semana da P\u00e1tria, a popula\u00e7\u00e3o n\u00e3o s\u00f3 celebra a hist\u00f3ria, mas tamb\u00e9m reafirma seu compromisso com a cidadania e o bem-estar social. O civismo implica em reconhecer a import\u00e2ncia dos direitos e deveres enquanto cidad\u00e3os, promovendo uma cultura de paz, respeito e solidariedade entre os indiv\u00edduos.<\/p>\n<h2>Desfiles C\u00edvicos: Tradi\u00e7\u00f5es que Persistem<\/h2>\n<p>Os desfiles c\u00edvicos s\u00e3o uma tradi\u00e7\u00e3o viva em muitas cidades brasileiras, incluindo Campina Grande. Eles re\u00fanem escolas, institui\u00e7\u00f5es e grupos comunit\u00e1rios em uma demonstra\u00e7\u00e3o colorida e vibrante de patriotismo. Esses eventos n\u00e3o apenas celebram a independ\u00eancia, mas tamb\u00e9m oferecem um espa\u00e7o para express\u00f5es culturais locais, permitindo que a diversidade de talentos e habilidades da comunidade seja apresentada e apreciada.<\/p>\n<h2>O Papel da Prefeitura nas Celebra\u00e7\u00f5es<\/h2>\n<p>A Prefeitura de Campina Grande desempenha um papel essencial na organiza\u00e7\u00e3o e realiza\u00e7\u00e3o das atividades da Semana da P\u00e1tria. Atrav\u00e9s da Secretaria de Educa\u00e7\u00e3o, s\u00e3o elaborados programas que buscam integrar a comunidade, al\u00e9m de garantir que as cerim\u00f4nias e desfiles ocorram de maneira segura e organizada. A gest\u00e3o municipal se compromete em promover um espa\u00e7o inclusivo que valorize todos os cidad\u00e3os.<\/p>\n<h2>Reflex\u00f5es sobre a Independ\u00eancia do Brasil<\/h2>\n<p>A reflex\u00e3o sobre a independ\u00eancia do Brasil n\u00e3o se limita a um evento hist\u00f3rico, mas abrange quest\u00f5es contempor\u00e2neas que desafiam a sociedade. Durante a Semana da P\u00e1tria, os cidad\u00e3os s\u00e3o convidados a dialogar sobre o significado da liberdade e da democracia na atualidade, considerando os desafios ainda presentes. Essas reflex\u00f5es ajudam a promover uma consci\u00eancia cr\u00edtica e um desejo de engajamento c\u00edvico, incentivando mudan\u00e7as positivas na sociedade.<\/p>\n<p>As celebra\u00e7\u00f5es da Semana da P\u00e1tria em Campina Grande n\u00e3o s\u00e3o apenas eventos festivos, mas momentos significativos para reafirmar valores, fortalecer a identidade nacional e promover a uni\u00e3o entre todos os cidad\u00e3os. O conhecimento sobre o passado e o comprometimento com o futuro s\u00e3o aspectos centrais que devem ser cultivados continuamente.<\/p>\n\n<div style=\"font-size: 0px; height: 0px; line-height: 0px; margin: 0; padding: 0; clear: both;\"><\/div>","protected":false},"excerpt":{"rendered":"<p>Semana da P\u00e1tria come\u00e7a com a realiza\u00e7\u00e3o de hasteamento de bandeiras em Campina Grande.<\/p>\n","protected":false},"author":1,"featured_media":1987,"comment_status":"open","ping_status":"","sticky":false,"template":"","format":"standard","meta":{"footnotes":""},"categories":[1],"tags":[],"class_list":["post-1988","post","type-post","status-publish","format-standard","has-post-thumbnail","hentry","category-noticias-em-campina-grande","has_thumb"],"aioseo_notices":[],"aioseo_head":"\n\t\t<!-- All in One SEO 5.0.0.1 - aioseo.com -->\n\t<meta name=\"description\" content=\"Semana da P\u00e1tria come\u00e7a com a realiza\u00e7\u00e3o de hasteamento de bandeiras em Campina Grande.\" \/>\n\t<meta name=\"robots\" content=\"max-image-preview:large\" \/>\n\t<meta name=\"author\" content=\"Encontra Campina Grande\"\/>\n\t<link rel=\"canonical\" href=\"https:\/\/www.encontracampinagrande.com.br\/sobre\/seduc-abre-comemoracoes-da-semana-da-patria-com-hasteamento-das-bandeiras-em-campina-grande\/\" \/>\n\t<meta name=\"generator\" content=\"All in One SEO (AIOSEO) 5.0.0.1\" \/>\n\t\t<meta property=\"og:locale\" content=\"pt_BR\" \/>\n\t\t<meta property=\"og:site_name\" content=\"Encontra Campina Grande - Not\u00edcias, eventos, informa\u00e7\u00f5es e dicas na cidade de Campina Grande e regi\u00e3o.\" \/>\n\t\t<meta property=\"og:type\" content=\"article\" \/>\n\t\t<meta property=\"og:title\" content=\"Seduc abre comemora\u00e7\u00f5es da Semana da P\u00e1tria com hasteamento das bandeiras, em Campina Grande - Encontra Campina Grande\" \/>\n\t\t<meta property=\"og:description\" content=\"Semana da P\u00e1tria come\u00e7a com a realiza\u00e7\u00e3o de hasteamento de bandeiras em Campina Grande.\" \/>\n\t\t<meta property=\"og:url\" content=\"https:\/\/www.encontracampinagrande.com.br\/sobre\/seduc-abre-comemoracoes-da-semana-da-patria-com-hasteamento-das-bandeiras-em-campina-grande\/\" \/>\n\t\t<meta property=\"article:published_time\" content=\"2026-09-02T03:28:29+00:00\" \/>\n\t\t<meta property=\"article:modified_time\" content=\"2026-09-02T03:28:29+00:00\" \/>\n\t\t<meta name=\"twitter:card\" content=\"summary_large_image\" \/>\n\t\t<meta name=\"twitter:title\" content=\"Seduc abre comemora\u00e7\u00f5es da Semana da P\u00e1tria com hasteamento das bandeiras, em Campina Grande - Encontra Campina Grande\" \/>\n\t\t<meta name=\"twitter:description\" content=\"Semana da P\u00e1tria come\u00e7a com a realiza\u00e7\u00e3o de hasteamento de bandeiras em Campina Grande.\" \/>\n\t\t<script type=\"application\/ld+json\" class=\"aioseo-schema\">\n\t\t\t{\"@context\":\"https:\\\/\\\/schema.org\",\"@graph\":[{\"@type\":\"BlogPosting\",\"@id\":\"https:\\\/\\\/www.encontracampinagrande.com.br\\\/sobre\\\/seduc-abre-comemoracoes-da-semana-da-patria-com-hasteamento-das-bandeiras-em-campina-grande\\\/#blogposting\",\"name\":\"Seduc abre comemora\\u00e7\\u00f5es da Semana da P\\u00e1tria com hasteamento das bandeiras, em Campina Grande - Encontra Campina Grande\",\"headline\":\"Seduc abre comemora\\u00e7\\u00f5es da Semana da P\\u00e1tria com hasteamento das bandeiras, em Campina Grande\",\"author\":{\"@id\":\"https:\\\/\\\/www.encontracampinagrande.com.br\\\/sobre\\\/author\\\/ecampinagrande\\\/#author\"},\"publisher\":{\"@id\":\"https:\\\/\\\/www.encontracampinagrande.com.br\\\/sobre\\\/#organization\"},\"image\":{\"@type\":\"ImageObject\",\"url\":\"https:\\\/\\\/www.encontracampinagrande.com.br\\\/sobre\\\/wp-content\\\/uploads\\\/2026\\\/09\\\/seduc-abre-comemoracoes-da-semana-da-patria-com-hasteamento-das-bandeiras-em-campina-grande.webp\",\"width\":280,\"height\":280,\"caption\":\"Semana da P\\u00e1tria\"},\"datePublished\":\"2026-09-02T00:28:29-03:00\",\"dateModified\":\"2026-09-02T00:28:29-03:00\",\"inLanguage\":\"pt-BR\",\"mainEntityOfPage\":{\"@id\":\"https:\\\/\\\/www.encontracampinagrande.com.br\\\/sobre\\\/seduc-abre-comemoracoes-da-semana-da-patria-com-hasteamento-das-bandeiras-em-campina-grande\\\/#webpage\"},\"isPartOf\":{\"@id\":\"https:\\\/\\\/www.encontracampinagrande.com.br\\\/sobre\\\/seduc-abre-comemoracoes-da-semana-da-patria-com-hasteamento-das-bandeiras-em-campina-grande\\\/#webpage\"},\"articleSection\":\"Not\\u00edcias Campina Grande\"},{\"@type\":\"BreadcrumbList\",\"@id\":\"https:\\\/\\\/www.encontracampinagrande.com.br\\\/sobre\\\/seduc-abre-comemoracoes-da-semana-da-patria-com-hasteamento-das-bandeiras-em-campina-grande\\\/#breadcrumblist\",\"itemListElement\":[{\"@type\":\"ListItem\",\"@id\":\"https:\\\/\\\/www.encontracampinagrande.com.br\\\/sobre#listItem\",\"position\":1,\"name\":\"In\\u00edcio\",\"item\":\"https:\\\/\\\/www.encontracampinagrande.com.br\\\/sobre\",\"nextItem\":{\"@type\":\"ListItem\",\"@id\":\"https:\\\/\\\/www.encontracampinagrande.com.br\\\/sobre\\\/noticias-em-campina-grande\\\/#listItem\",\"name\":\"Not\\u00edcias Campina Grande\"}},{\"@type\":\"ListItem\",\"@id\":\"https:\\\/\\\/www.encontracampinagrande.com.br\\\/sobre\\\/noticias-em-campina-grande\\\/#listItem\",\"position\":2,\"name\":\"Not\\u00edcias Campina Grande\",\"item\":\"https:\\\/\\\/www.encontracampinagrande.com.br\\\/sobre\\\/noticias-em-campina-grande\\\/\",\"nextItem\":{\"@type\":\"ListItem\",\"@id\":\"https:\\\/\\\/www.encontracampinagrande.com.br\\\/sobre\\\/seduc-abre-comemoracoes-da-semana-da-patria-com-hasteamento-das-bandeiras-em-campina-grande\\\/#listItem\",\"name\":\"Seduc abre comemora\\u00e7\\u00f5es da Semana da P\\u00e1tria com hasteamento das bandeiras, em Campina Grande\"},\"previousItem\":{\"@type\":\"ListItem\",\"@id\":\"https:\\\/\\\/www.encontracampinagrande.com.br\\\/sobre#listItem\",\"name\":\"In\\u00edcio\"}},{\"@type\":\"ListItem\",\"@id\":\"https:\\\/\\\/www.encontracampinagrande.com.br\\\/sobre\\\/seduc-abre-comemoracoes-da-semana-da-patria-com-hasteamento-das-bandeiras-em-campina-grande\\\/#listItem\",\"position\":3,\"name\":\"Seduc abre comemora\\u00e7\\u00f5es da Semana da P\\u00e1tria com hasteamento das bandeiras, em Campina Grande\",\"previousItem\":{\"@type\":\"ListItem\",\"@id\":\"https:\\\/\\\/www.encontracampinagrande.com.br\\\/sobre\\\/noticias-em-campina-grande\\\/#listItem\",\"name\":\"Not\\u00edcias Campina Grande\"}}]},{\"@type\":\"Organization\",\"@id\":\"https:\\\/\\\/www.encontracampinagrande.com.br\\\/sobre\\\/#organization\",\"name\":\"Not\\u00edcias da Cidade Campina Grande\",\"description\":\"Not\\u00edcias, eventos, informa\\u00e7\\u00f5es e dicas na cidade de Campina Grande e regi\\u00e3o.\",\"url\":\"https:\\\/\\\/www.encontracampinagrande.com.br\\\/sobre\\\/\"},{\"@type\":\"Person\",\"@id\":\"https:\\\/\\\/www.encontracampinagrande.com.br\\\/sobre\\\/author\\\/ecampinagrande\\\/#author\",\"url\":\"https:\\\/\\\/www.encontracampinagrande.com.br\\\/sobre\\\/author\\\/ecampinagrande\\\/\",\"name\":\"Encontra Campina Grande\",\"image\":{\"@type\":\"ImageObject\",\"@id\":\"https:\\\/\\\/www.encontracampinagrande.com.br\\\/sobre\\\/seduc-abre-comemoracoes-da-semana-da-patria-com-hasteamento-das-bandeiras-em-campina-grande\\\/#authorImage\",\"url\":\"https:\\\/\\\/secure.gravatar.com\\\/avatar\\\/507340682b8270222e1f208e23198b6ae7e2c6a1033ae84e99bc6bce4f82a387?s=96&d=mm&r=g\",\"width\":96,\"height\":96,\"caption\":\"Encontra Campina Grande\"}},{\"@type\":\"WebPage\",\"@id\":\"https:\\\/\\\/www.encontracampinagrande.com.br\\\/sobre\\\/seduc-abre-comemoracoes-da-semana-da-patria-com-hasteamento-das-bandeiras-em-campina-grande\\\/#webpage\",\"url\":\"https:\\\/\\\/www.encontracampinagrande.com.br\\\/sobre\\\/seduc-abre-comemoracoes-da-semana-da-patria-com-hasteamento-das-bandeiras-em-campina-grande\\\/\",\"name\":\"Seduc abre comemora\\u00e7\\u00f5es da Semana da P\\u00e1tria com hasteamento das bandeiras, em Campina Grande - Encontra Campina Grande\",\"description\":\"Semana da P\\u00e1tria come\\u00e7a com a realiza\\u00e7\\u00e3o de hasteamento de bandeiras em Campina Grande.\",\"inLanguage\":\"pt-BR\",\"isPartOf\":{\"@id\":\"https:\\\/\\\/www.encontracampinagrande.com.br\\\/sobre\\\/#website\"},\"breadcrumb\":{\"@id\":\"https:\\\/\\\/www.encontracampinagrande.com.br\\\/sobre\\\/seduc-abre-comemoracoes-da-semana-da-patria-com-hasteamento-das-bandeiras-em-campina-grande\\\/#breadcrumblist\"},\"author\":{\"@id\":\"https:\\\/\\\/www.encontracampinagrande.com.br\\\/sobre\\\/author\\\/ecampinagrande\\\/#author\"},\"creator\":{\"@id\":\"https:\\\/\\\/www.encontracampinagrande.com.br\\\/sobre\\\/author\\\/ecampinagrande\\\/#author\"},\"image\":{\"@type\":\"ImageObject\",\"url\":\"https:\\\/\\\/www.encontracampinagrande.com.br\\\/sobre\\\/wp-content\\\/uploads\\\/2026\\\/09\\\/seduc-abre-comemoracoes-da-semana-da-patria-com-hasteamento-das-bandeiras-em-campina-grande.webp\",\"@id\":\"https:\\\/\\\/www.encontracampinagrande.com.br\\\/sobre\\\/seduc-abre-comemoracoes-da-semana-da-patria-com-hasteamento-das-bandeiras-em-campina-grande\\\/#mainImage\",\"width\":280,\"height\":280,\"caption\":\"Semana da P\\u00e1tria\"},\"primaryImageOfPage\":{\"@id\":\"https:\\\/\\\/www.encontracampinagrande.com.br\\\/sobre\\\/seduc-abre-comemoracoes-da-semana-da-patria-com-hasteamento-das-bandeiras-em-campina-grande\\\/#mainImage\"},\"datePublished\":\"2026-09-02T00:28:29-03:00\",\"dateModified\":\"2026-09-02T00:28:29-03:00\"},{\"@type\":\"WebSite\",\"@id\":\"https:\\\/\\\/www.encontracampinagrande.com.br\\\/sobre\\\/#website\",\"url\":\"https:\\\/\\\/www.encontracampinagrande.com.br\\\/sobre\\\/\",\"name\":\"Not\\u00edcias da Cidade Campina Grande\",\"description\":\"Not\\u00edcias, eventos, informa\\u00e7\\u00f5es e dicas na cidade de Campina Grande e regi\\u00e3o.\",\"inLanguage\":\"pt-BR\",\"publisher\":{\"@id\":\"https:\\\/\\\/www.encontracampinagrande.com.br\\\/sobre\\\/#organization\"}}]}\n\t\t<\/script>\n\t\t<!-- All in One SEO -->\n\n","aioseo_head_json":{"title":"Seduc abre comemora\u00e7\u00f5es da Semana da P\u00e1tria com hasteamento das bandeiras, em Campina Grande - Encontra Campina Grande","description":"Semana da P\u00e1tria come\u00e7a com a realiza\u00e7\u00e3o de hasteamento de bandeiras em Campina Grande.","canonical_url":"https:\/\/www.encontracampinagrande.com.br\/sobre\/seduc-abre-comemoracoes-da-semana-da-patria-com-hasteamento-das-bandeiras-em-campina-grande\/","robots":"max-image-preview:large","keywords":"","webmasterTools":{"miscellaneous":""},"schema":{"@context":"https:\/\/schema.org","@graph":[{"@type":"BlogPosting","@id":"https:\/\/www.encontracampinagrande.com.br\/sobre\/seduc-abre-comemoracoes-da-semana-da-patria-com-hasteamento-das-bandeiras-em-campina-grande\/#blogposting","name":"Seduc abre comemora\u00e7\u00f5es da Semana da P\u00e1tria com hasteamento das bandeiras, em Campina Grande - Encontra Campina Grande","headline":"Seduc abre comemora\u00e7\u00f5es da Semana da P\u00e1tria com hasteamento das bandeiras, em Campina Grande","author":{"@id":"https:\/\/www.encontracampinagrande.com.br\/sobre\/author\/ecampinagrande\/#author"},"publisher":{"@id":"https:\/\/www.encontracampinagrande.com.br\/sobre\/#organization"},"image":{"@type":"ImageObject","url":"https:\/\/www.encontracampinagrande.com.br\/sobre\/wp-content\/uploads\/2026\/09\/seduc-abre-comemoracoes-da-semana-da-patria-com-hasteamento-das-bandeiras-em-campina-grande.webp","width":280,"height":280,"caption":"Semana da P\u00e1tria"},"datePublished":"2026-09-02T00:28:29-03:00","dateModified":"2026-09-02T00:28:29-03:00","inLanguage":"pt-BR","mainEntityOfPage":{"@id":"https:\/\/www.encontracampinagrande.com.br\/sobre\/seduc-abre-comemoracoes-da-semana-da-patria-com-hasteamento-das-bandeiras-em-campina-grande\/#webpage"},"isPartOf":{"@id":"https:\/\/www.encontracampinagrande.com.br\/sobre\/seduc-abre-comemoracoes-da-semana-da-patria-com-hasteamento-das-bandeiras-em-campina-grande\/#webpage"},"articleSection":"Not\u00edcias Campina Grande"},{"@type":"BreadcrumbList","@id":"https:\/\/www.encontracampinagrande.com.br\/sobre\/seduc-abre-comemoracoes-da-semana-da-patria-com-hasteamento-das-bandeiras-em-campina-grande\/#breadcrumblist","itemListElement":[{"@type":"ListItem","@id":"https:\/\/www.encontracampinagrande.com.br\/sobre#listItem","position":1,"name":"In\u00edcio","item":"https:\/\/www.encontracampinagrande.com.br\/sobre","nextItem":{"@type":"ListItem","@id":"https:\/\/www.encontracampinagrande.com.br\/sobre\/noticias-em-campina-grande\/#listItem","name":"Not\u00edcias Campina Grande"}},{"@type":"ListItem","@id":"https:\/\/www.encontracampinagrande.com.br\/sobre\/noticias-em-campina-grande\/#listItem","position":2,"name":"Not\u00edcias Campina Grande","item":"https:\/\/www.encontracampinagrande.com.br\/sobre\/noticias-em-campina-grande\/","nextItem":{"@type":"ListItem","@id":"https:\/\/www.encontracampinagrande.com.br\/sobre\/seduc-abre-comemoracoes-da-semana-da-patria-com-hasteamento-das-bandeiras-em-campina-grande\/#listItem","name":"Seduc abre comemora\u00e7\u00f5es da Semana da P\u00e1tria com hasteamento das bandeiras, em Campina Grande"},"previousItem":{"@type":"ListItem","@id":"https:\/\/www.encontracampinagrande.com.br\/sobre#listItem","name":"In\u00edcio"}},{"@type":"ListItem","@id":"https:\/\/www.encontracampinagrande.com.br\/sobre\/seduc-abre-comemoracoes-da-semana-da-patria-com-hasteamento-das-bandeiras-em-campina-grande\/#listItem","position":3,"name":"Seduc abre comemora\u00e7\u00f5es da Semana da P\u00e1tria com hasteamento das bandeiras, em Campina Grande","previousItem":{"@type":"ListItem","@id":"https:\/\/www.encontracampinagrande.com.br\/sobre\/noticias-em-campina-grande\/#listItem","name":"Not\u00edcias Campina Grande"}}]},{"@type":"Organization","@id":"https:\/\/www.encontracampinagrande.com.br\/sobre\/#organization","name":"Not\u00edcias da Cidade Campina Grande","description":"Not\u00edcias, eventos, informa\u00e7\u00f5es e dicas na cidade de Campina Grande e regi\u00e3o.","url":"https:\/\/www.encontracampinagrande.com.br\/sobre\/"},{"@type":"Person","@id":"https:\/\/www.encontracampinagrande.com.br\/sobre\/author\/ecampinagrande\/#author","url":"https:\/\/www.encontracampinagrande.com.br\/sobre\/author\/ecampinagrande\/","name":"Encontra Campina Grande","image":{"@type":"ImageObject","@id":"https:\/\/www.encontracampinagrande.com.br\/sobre\/seduc-abre-comemoracoes-da-semana-da-patria-com-hasteamento-das-bandeiras-em-campina-grande\/#authorImage","url":"https:\/\/secure.gravatar.com\/avatar\/507340682b8270222e1f208e23198b6ae7e2c6a1033ae84e99bc6bce4f82a387?s=96&d=mm&r=g","width":96,"height":96,"caption":"Encontra Campina Grande"}},{"@type":"WebPage","@id":"https:\/\/www.encontracampinagrande.com.br\/sobre\/seduc-abre-comemoracoes-da-semana-da-patria-com-hasteamento-das-bandeiras-em-campina-grande\/#webpage","url":"https:\/\/www.encontracampinagrande.com.br\/sobre\/seduc-abre-comemoracoes-da-semana-da-patria-com-hasteamento-das-bandeiras-em-campina-grande\/","name":"Seduc abre comemora\u00e7\u00f5es da Semana da P\u00e1tria com hasteamento das bandeiras, em Campina Grande - Encontra Campina Grande","description":"Semana da P\u00e1tria come\u00e7a com a realiza\u00e7\u00e3o de hasteamento de bandeiras em Campina Grande.","inLanguage":"pt-BR","isPartOf":{"@id":"https:\/\/www.encontracampinagrande.com.br\/sobre\/#website"},"breadcrumb":{"@id":"https:\/\/www.encontracampinagrande.com.br\/sobre\/seduc-abre-comemoracoes-da-semana-da-patria-com-hasteamento-das-bandeiras-em-campina-grande\/#breadcrumblist"},"author":{"@id":"https:\/\/www.encontracampinagrande.com.br\/sobre\/author\/ecampinagrande\/#author"},"creator":{"@id":"https:\/\/www.encontracampinagrande.com.br\/sobre\/author\/ecampinagrande\/#author"},"image":{"@type":"ImageObject","url":"https:\/\/www.encontracampinagrande.com.br\/sobre\/wp-content\/uploads\/2026\/09\/seduc-abre-comemoracoes-da-semana-da-patria-com-hasteamento-das-bandeiras-em-campina-grande.webp","@id":"https:\/\/www.encontracampinagrande.com.br\/sobre\/seduc-abre-comemoracoes-da-semana-da-patria-com-hasteamento-das-bandeiras-em-campina-grande\/#mainImage","width":280,"height":280,"caption":"Semana da P\u00e1tria"},"primaryImageOfPage":{"@id":"https:\/\/www.encontracampinagrande.com.br\/sobre\/seduc-abre-comemoracoes-da-semana-da-patria-com-hasteamento-das-bandeiras-em-campina-grande\/#mainImage"},"datePublished":"2026-09-02T00:28:29-03:00","dateModified":"2026-09-02T00:28:29-03:00"},{"@type":"WebSite","@id":"https:\/\/www.encontracampinagrande.com.br\/sobre\/#website","url":"https:\/\/www.encontracampinagrande.com.br\/sobre\/","name":"Not\u00edcias da Cidade Campina Grande","description":"Not\u00edcias, eventos, informa\u00e7\u00f5es e dicas na cidade de Campina Grande e regi\u00e3o.","inLanguage":"pt-BR","publisher":{"@id":"https:\/\/www.encontracampinagrande.com.br\/sobre\/#organization"}}]},"og:locale":"pt_BR","og:site_name":"Encontra Campina Grande - Not\u00edcias, eventos, informa\u00e7\u00f5es e dicas na cidade de Campina Grande e regi\u00e3o.","og:type":"article","og:title":"Seduc abre comemora\u00e7\u00f5es da Semana da P\u00e1tria com hasteamento das bandeiras, em Campina Grande - Encontra Campina Grande","og:description":"Semana da P\u00e1tria come\u00e7a com a realiza\u00e7\u00e3o de hasteamento de bandeiras em Campina Grande.","og:url":"https:\/\/www.encontracampinagrande.com.br\/sobre\/seduc-abre-comemoracoes-da-semana-da-patria-com-hasteamento-das-bandeiras-em-campina-grande\/","article:published_time":"2026-09-02T03:28:29+00:00","article:modified_time":"2026-09-02T03:28:29+00:00","twitter:card":"summary_large_image","twitter:title":"Seduc abre comemora\u00e7\u00f5es da Semana da P\u00e1tria com hasteamento das bandeiras, em Campina Grande - Encontra Campina Grande","twitter:description":"Semana da P\u00e1tria come\u00e7a com a realiza\u00e7\u00e3o de hasteamento de bandeiras em Campina Grande."},"aioseo_meta_data":{"post_id":"1988","title":null,"description":null,"keywords":null,"keyphrases":null,"primary_term":null,"canonical_url":null,"og_title":null,"og_description":null,"og_object_type":"default","og_image_type":"default","og_image_url":null,"og_image_width":null,"og_image_height":null,"og_image_custom_url":null,"og_image_custom_fields":null,"og_video":null,"og_custom_url":null,"og_article_section":null,"og_article_tags":null,"twitter_use_og":false,"twitter_card":"default","twitter_image_type":"default","twitter_image_url":null,"twitter_image_custom_url":null,"twitter_image_custom_fields":null,"twitter_title":null,"twitter_description":null,"schema":{"blockGraphs":[],"customGraphs":[],"default":{"data":{"Article":[],"Course":[],"Dataset":[],"FAQPage":[],"Movie":[],"Person":[],"Product":[],"ProductReview":[],"Car":[],"Recipe":[],"Service":[],"SoftwareApplication":[],"WebPage":[]},"graphName":"","isEnabled":true},"graphs":[]},"schema_type":"default","schema_type_options":null,"pillar_content":false,"robots_default":true,"robots_noindex":false,"robots_noarchive":false,"robots_nosnippet":false,"robots_nofollow":false,"robots_noimageindex":false,"robots_noodp":false,"robots_notranslate":false,"robots_max_snippet":null,"robots_max_videopreview":null,"robots_max_imagepreview":"large","priority":null,"frequency":null,"local_seo":null,"breadcrumb_settings":null,"limit_modified_date":false,"ai":null,"created":"2026-09-02 04:13:55","updated":"2026-09-02 04:13:55","focus_keyword":null,"additional_keywords":null,"truseo_locale":null,"seo_analyzer_scan_date":null},"aioseo_breadcrumb":"<div class=\"aioseo-breadcrumbs\"><span class=\"aioseo-breadcrumb\">\n\t\t\t<a href=\"https:\/\/www.encontracampinagrande.com.br\/sobre\" title=\"In\u00edcio\">In\u00edcio<\/a>\n\t\t<\/span><span class=\"aioseo-breadcrumb-separator\">&raquo;<\/span><span class=\"aioseo-breadcrumb\">\n\t\t\t<a href=\"https:\/\/www.encontracampinagrande.com.br\/sobre\/noticias-em-campina-grande\/\" title=\"Not\u00edcias Campina Grande\">Not\u00edcias Campina Grande<\/a>\n\t\t<\/span><span class=\"aioseo-breadcrumb-separator\">&raquo;<\/span><span class=\"aioseo-breadcrumb\">\n\t\t\tSeduc abre comemora\u00e7\u00f5es da Semana da P\u00e1tria com hasteamento das bandeiras, em Campina Grande\n\t\t<\/span><\/div>","aioseo_breadcrumb_json":[{"label":"In\u00edcio","link":"https:\/\/www.encontracampinagrande.com.br\/sobre"},{"label":"Not\u00edcias Campina Grande","link":"https:\/\/www.encontracampinagrande.com.br\/sobre\/noticias-em-campina-grande\/"},{"label":"Seduc abre comemora\u00e7\u00f5es da Semana da P\u00e1tria com hasteamento das bandeiras, em Campina Grande","link":"https:\/\/www.encontracampinagrande.com.br\/sobre\/seduc-abre-comemoracoes-da-semana-da-patria-com-hasteamento-das-bandeiras-em-campina-grande\/"}],"_links":{"self":[{"href":"https:\/\/www.encontracampinagrande.com.br\/sobre\/wp-json\/wp\/v2\/posts\/1988","targetHints":{"allow":["GET"]}}],"collection":[{"href":"https:\/\/www.encontracampinagrande.com.br\/sobre\/wp-json\/wp\/v2\/posts"}],"about":[{"href":"https:\/\/www.encontracampinagrande.com.br\/sobre\/wp-json\/wp\/v2\/types\/post"}],"author":[{"embeddable":true,"href":"https:\/\/www.encontracampinagrande.com.br\/sobre\/wp-json\/wp\/v2\/users\/1"}],"replies":[{"embeddable":true,"href":"https:\/\/www.encontracampinagrande.com.br\/sobre\/wp-json\/wp\/v2\/comments?post=1988"}],"version-history":[{"count":0,"href":"https:\/\/www.encontracampinagrande.com.br\/sobre\/wp-json\/wp\/v2\/posts\/1988\/revisions"}],"wp:featuredmedia":[{"embeddable":true,"href":"https:\/\/www.encontracampinagrande.com.br\/sobre\/wp-json\/wp\/v2\/media\/1987"}],"wp:attachment":[{"href":"https:\/\/www.encontracampinagrande.com.br\/sobre\/wp-json\/wp\/v2\/media?parent=1988"}],"wp:term":[{"taxonomy":"category","embeddable":true,"href":"https:\/\/www.encontracampinagrande.com.br\/sobre\/wp-json\/wp\/v2\/categories?post=1988"},{"taxonomy":"post_tag","embeddable":true,"href":"https:\/\/www.encontracampinagrande.com.br\/sobre\/wp-json\/wp\/v2\/tags?post=1988"}],"curies":[{"name":"wp","href":"https:\/\/api.w.org\/{rel}","templated":true}]}}