{"id":1986,"date":"2026-09-01T00:30:26","date_gmt":"2026-09-01T03:30:26","guid":{"rendered":"https:\/\/www.encontracampinagrande.com.br\/sobre\/mais-de-200-pessoas-participam-do-pedal-do-dia-do-feirante-em-campina-grande\/"},"modified":"2026-09-01T00:30:26","modified_gmt":"2026-09-01T03:30:26","slug":"mais-de-200-pessoas-participam-do-pedal-do-dia-do-feirante-em-campina-grande","status":"publish","type":"post","link":"https:\/\/www.encontracampinagrande.com.br\/sobre\/mais-de-200-pessoas-participam-do-pedal-do-dia-do-feirante-em-campina-grande\/","title":{"rendered":"Mais de 200 pessoas participam do Pedal do Dia do Feirante em Campina Grande"},"content":{"rendered":"<div class=\"b89f950780fb4e4d64d40062a6f17959\" data-index=\"1\" style=\"float: none; margin:0px;\">\n<!-- Anuncio display - global -->\r\n<ins class=\"adsbygoogle\"\r\n     style=\"display:block\"\r\n     data-ad-client=\"ca-pub-8585364105181520\"\r\n     data-ad-slot=\"8789329856\"\r\n     data-ad-format=\"auto\"\r\n     data-full-width-responsive=\"true\"><\/ins>\r\n<script>\r\n     (adsbygoogle = window.adsbygoogle || []).push({});\r\n<\/script>\n<\/div>\n<h2>O que \u00e9 o Pedal do Dia do Feirante?<\/h2>\n<p>O <strong>Pedal do Dia do Feirante<\/strong> \u00e9 um evento que celebra a import\u00e2ncia e os valores dos feirantes em Campina Grande, promovendo a uni\u00e3o entre esportes, solidariedade e a valoriza\u00e7\u00e3o dos produtos locais e da cultura. Esta atividade esportiva, que j\u00e1 \u00e9 uma tradi\u00e7\u00e3o no munic\u00edpio, re\u00fane ciclistas, trabalhadores e a comunidade em um momento especial para homenagear aqueles que contribuem para a economia local atrav\u00e9s das feiras.<\/p>\n<h2>A import\u00e2ncia dos feirantes para Campina Grande<\/h2>\n<p>Os feirantes desempenham um papel vital na vida econ\u00f4mica e social de Campina Grande. Eles s\u00e3o respons\u00e1veis por levar produtos frescos e locais at\u00e9 a popula\u00e7\u00e3o, al\u00e9m de fortalecer a cultura e as tradi\u00e7\u00f5es da cidade. Essas pessoas n\u00e3o apenas geram renda para suas fam\u00edlias, mas tamb\u00e9m mant\u00eam um elo importante entre os produtores e os consumidores, criando uma rede de suporte local. O valor que os feirantes trazem vai al\u00e9m do aspecto econ\u00f4mico, envolvendo a constru\u00e7\u00e3o de la\u00e7os comunit\u00e1rios e o fortalecimento da identidade cultural da regi\u00e3o.<\/p>\n<h2>Como foi a participa\u00e7\u00e3o da comunidade<\/h2>\n<p>No 1\u00ba <strong>Pedal Solid\u00e1rio Dia do Feirante<\/strong>, mais de 200 pessoas se juntaram em um esfor\u00e7o coletivo e alegre para celebrar o evento. Os participantes n\u00e3o eram apenas ciclistas, mas tamb\u00e9m amigos, familiares e apoiadores dos feirantes, todos motivados para se envolver e ajudar a fortalecer o reconhecimento dessas profiss\u00f5es. Foi um momento de grande confraterniza\u00e7\u00e3o e esp\u00edrito comunit\u00e1rio, onde o entusiasmo e o apoio m\u00fatuo se destacaram.<\/p>\n<p><img decoding=\"async\" src=\"https:\/\/www.encontracampinagrande.com.br\/sobre\/wp-content\/uploads\/2026\/09\/mais-de-200-pessoas-participam-do-pedal-do-dia-do-feirante-em-campina-grande.webp\" alt=\"Pedal do Dia do Feirante em Campina Grande\" loading=\"lazy\" \/><\/p>\n<h2>Os eventos esportivos em Campina Grande<\/h2>\n<p>A cidade \u00e9 conhecida por promover diversos eventos esportivos que atraem um grande p\u00fablico e incentivam a pr\u00e1tica de atividades f\u00edsicas. O <strong>Pedal do Dia do Feirante<\/strong> \u00e9 um exemplo perfeito disso, integrando a pr\u00e1tica esportiva \u00e0 valoriza\u00e7\u00e3o do mercado local. Al\u00e9m de eventos cicl\u00edsticos, Campina Grande tamb\u00e9m sedia corridas, maratonas e competi\u00e7\u00f5es de outras modalidades esportivas, tornando-se um destino para os amantes do esporte.<\/p>\n<h2>Solidariedade e atitude: doa\u00e7\u00f5es durante o evento<\/h2>\n<p>Um diferencial importante do evento foi a sua iniciativa solid\u00e1ria. Para participar do pedal, cada ciclista teve que doar 2 quilos de ra\u00e7\u00e3o para cachorro, uma a\u00e7\u00e3o que demonstra o compromisso com o bem-estar animal. Essa doa\u00e7\u00e3o foi destinada a protetores da causa em Campina Grande, mostrando que o evento n\u00e3o apenas promove a sa\u00fade e o esporte, mas tamb\u00e9m a responsabilidade social e a solidariedade com os animais necessitados.<\/p>\n<h2>Trajeto do Pedal: um passeio pela cidade<\/h2>\n<p>O percurso do <strong>Pedal do Dia do Feirante<\/strong> come\u00e7ou na rua Vila Nova da Rainha, em frente \u00e0 Feira de Flores, proporcionando aos ciclistas uma experi\u00eancia enriquecedora ao pedalar por uma das \u00e1reas mais emblem\u00e1ticas da cidade. Os participantes seguiram um trajeto de mais de 10 km, que incluiu vistas panor\u00e2micas e pontos importantes de Campina Grande, culminando no Parque do Povo, um dos espa\u00e7os mais visitados e queridos da regi\u00e3o. Esse itiner\u00e1rio foi planejado para valorizar a cidade e engajar os ciclistas na experi\u00eancia de conhecer melhor o seu pr\u00f3prio munic\u00edpio.<\/p>\n<h2>A apresenta\u00e7\u00e3o musical que animou a noite<\/h2>\n<p>Durante o evento, a anima\u00e7\u00e3o ficou por conta da banda <strong>\u201cVem Comigo 83\u201d<\/strong>, que proporcionou uma trilha sonora festiva e envolvente. A m\u00fasica ajudou a criar uma atmosfera alegre, tornando a noite ainda mais especial para todos os presentes. A participa\u00e7\u00e3o de atra\u00e7\u00f5es musicais \u00e9 uma estrat\u00e9gia frequente em eventos esportivos, agregando valor e entretenimento, e incentivando a intera\u00e7\u00e3o social entre os participantes.<\/p>\n<h2>Depoimentos de participantes<\/h2>\n<p>Os relatos de quem participou do <strong>Pedal do Dia do Feirante<\/strong> foram repletos de entusiasmo e gratid\u00e3o. Muitos destacaram a import\u00e2ncia de homenagear os feirantes e a ideia de unir esporte e solidariedade. &#8220;Foi uma experi\u00eancia incr\u00edvel! Me diverti muito e ainda contribu\u00ed para uma causa nobre&#8221;, comentou um dos ciclistas. Outros mencionaram a satisfa\u00e7\u00e3o em estar em um evento que celebra a cultura local e promove boas pr\u00e1ticas, como a doa\u00e7\u00e3o de ra\u00e7\u00e3o para os animais.<\/p>\n<h2>O papel da Prefeitura na organiza\u00e7\u00e3o do evento<\/h2>\n<p>A Prefeitura de Campina Grande, atrav\u00e9s da <strong>Secretaria de Servi\u00e7os Urbanos e Meio Ambiente (Sesuma)<\/strong>, foi a respons\u00e1vel pela organiza\u00e7\u00e3o do <strong>Pedal Solid\u00e1rio Dia do Feirante<\/strong>. Al\u00e9m da estrutura\u00e7\u00e3o do evento, a Prefeitura contou com parcerias da <strong>Superintend\u00eancia de Tr\u00e2nsito e Transportes P\u00fablicos (STTP)<\/strong> e da <strong>Secretaria de Esporte, Juventude e Lazer (Sejel)<\/strong>, assegurando que tudo ocorresse da melhor forma poss\u00edvel. A atua\u00e7\u00e3o do governo municipal mostra a preocupa\u00e7\u00e3o com a valoriza\u00e7\u00e3o dos feirantes e a promo\u00e7\u00e3o de atividades que ajudam a integrar a comunidade.<\/p>\n<h2>Expectativas para as pr\u00f3ximas edi\u00e7\u00f5es<\/h2>\n<p>Com o sucesso da primeira edi\u00e7\u00e3o, as expectativas s\u00e3o elevadas para os pr\u00f3ximos <strong>Pedais do Dia do Feirante<\/strong>. A ideia \u00e9 expandir o evento, atraindo ainda mais participantes e unindo a comunidade em torno de a\u00e7\u00f5es que valorizem tanto o esporte quanto os feirantes. Os organizadores pretendem incluir novas atra\u00e7\u00f5es e manter o foco na solidariedade, refor\u00e7ando a rela\u00e7\u00e3o entre a popula\u00e7\u00e3o e os trabalhadores das feiras. O desejo \u00e9 que essa iniciativa se torne uma tradi\u00e7\u00e3o anual, garantindo que a cultura dos feirantes nunca seja esquecida e que sua import\u00e2ncia siga sendo celebrada em grande estilo.<\/p>\n\n<div style=\"font-size: 0px; height: 0px; line-height: 0px; margin: 0; padding: 0; clear: both;\"><\/div>","protected":false},"excerpt":{"rendered":"<p>Descubra como o Pedal do Dia do Feirante em Campina Grande uniu solidariedade e esporte.<\/p>\n","protected":false},"author":1,"featured_media":1985,"comment_status":"open","ping_status":"","sticky":false,"template":"","format":"standard","meta":{"footnotes":""},"categories":[1],"tags":[],"class_list":["post-1986","post","type-post","status-publish","format-standard","has-post-thumbnail","hentry","category-noticias-em-campina-grande","has_thumb"],"aioseo_notices":[],"aioseo_head":"\n\t\t<!-- All in One SEO 5.0.0.1 - aioseo.com -->\n\t<meta name=\"description\" content=\"Descubra como o Pedal do Dia do Feirante em Campina Grande uniu solidariedade e esporte.\" \/>\n\t<meta name=\"robots\" content=\"max-image-preview:large\" \/>\n\t<meta name=\"author\" content=\"Encontra Campina Grande\"\/>\n\t<link rel=\"canonical\" href=\"https:\/\/www.encontracampinagrande.com.br\/sobre\/mais-de-200-pessoas-participam-do-pedal-do-dia-do-feirante-em-campina-grande\/\" \/>\n\t<meta name=\"generator\" content=\"All in One SEO (AIOSEO) 5.0.0.1\" \/>\n\t\t<meta property=\"og:locale\" content=\"pt_BR\" \/>\n\t\t<meta property=\"og:site_name\" content=\"Encontra Campina Grande - Not\u00edcias, eventos, informa\u00e7\u00f5es e dicas na cidade de Campina Grande e regi\u00e3o.\" \/>\n\t\t<meta property=\"og:type\" content=\"article\" \/>\n\t\t<meta property=\"og:title\" content=\"Mais de 200 pessoas participam do Pedal do Dia do Feirante em Campina Grande - Encontra Campina Grande\" \/>\n\t\t<meta property=\"og:description\" content=\"Descubra como o Pedal do Dia do Feirante em Campina Grande uniu solidariedade e esporte.\" \/>\n\t\t<meta property=\"og:url\" content=\"https:\/\/www.encontracampinagrande.com.br\/sobre\/mais-de-200-pessoas-participam-do-pedal-do-dia-do-feirante-em-campina-grande\/\" \/>\n\t\t<meta property=\"article:published_time\" content=\"2026-09-01T03:30:26+00:00\" \/>\n\t\t<meta property=\"article:modified_time\" content=\"2026-09-01T03:30:26+00:00\" \/>\n\t\t<meta name=\"twitter:card\" content=\"summary_large_image\" \/>\n\t\t<meta name=\"twitter:title\" content=\"Mais de 200 pessoas participam do Pedal do Dia do Feirante em Campina Grande - Encontra Campina Grande\" \/>\n\t\t<meta name=\"twitter:description\" content=\"Descubra como o Pedal do Dia do Feirante em Campina Grande uniu solidariedade e esporte.\" \/>\n\t\t<script type=\"application\/ld+json\" class=\"aioseo-schema\">\n\t\t\t{\"@context\":\"https:\\\/\\\/schema.org\",\"@graph\":[{\"@type\":\"BlogPosting\",\"@id\":\"https:\\\/\\\/www.encontracampinagrande.com.br\\\/sobre\\\/mais-de-200-pessoas-participam-do-pedal-do-dia-do-feirante-em-campina-grande\\\/#blogposting\",\"name\":\"Mais de 200 pessoas participam do Pedal do Dia do Feirante em Campina Grande - Encontra Campina Grande\",\"headline\":\"Mais de 200 pessoas participam do Pedal do Dia do Feirante em Campina Grande\",\"author\":{\"@id\":\"https:\\\/\\\/www.encontracampinagrande.com.br\\\/sobre\\\/author\\\/ecampinagrande\\\/#author\"},\"publisher\":{\"@id\":\"https:\\\/\\\/www.encontracampinagrande.com.br\\\/sobre\\\/#organization\"},\"image\":{\"@type\":\"ImageObject\",\"url\":\"https:\\\/\\\/www.encontracampinagrande.com.br\\\/sobre\\\/wp-content\\\/uploads\\\/2026\\\/09\\\/mais-de-200-pessoas-participam-do-pedal-do-dia-do-feirante-em-campina-grande.webp\",\"width\":280,\"height\":280,\"caption\":\"Pedal do Dia do Feirante em Campina Grande\"},\"datePublished\":\"2026-09-01T00:30:26-03:00\",\"dateModified\":\"2026-09-01T00:30:26-03:00\",\"inLanguage\":\"pt-BR\",\"mainEntityOfPage\":{\"@id\":\"https:\\\/\\\/www.encontracampinagrande.com.br\\\/sobre\\\/mais-de-200-pessoas-participam-do-pedal-do-dia-do-feirante-em-campina-grande\\\/#webpage\"},\"isPartOf\":{\"@id\":\"https:\\\/\\\/www.encontracampinagrande.com.br\\\/sobre\\\/mais-de-200-pessoas-participam-do-pedal-do-dia-do-feirante-em-campina-grande\\\/#webpage\"},\"articleSection\":\"Not\\u00edcias Campina Grande\"},{\"@type\":\"BreadcrumbList\",\"@id\":\"https:\\\/\\\/www.encontracampinagrande.com.br\\\/sobre\\\/mais-de-200-pessoas-participam-do-pedal-do-dia-do-feirante-em-campina-grande\\\/#breadcrumblist\",\"itemListElement\":[{\"@type\":\"ListItem\",\"@id\":\"https:\\\/\\\/www.encontracampinagrande.com.br\\\/sobre#listItem\",\"position\":1,\"name\":\"In\\u00edcio\",\"item\":\"https:\\\/\\\/www.encontracampinagrande.com.br\\\/sobre\",\"nextItem\":{\"@type\":\"ListItem\",\"@id\":\"https:\\\/\\\/www.encontracampinagrande.com.br\\\/sobre\\\/noticias-em-campina-grande\\\/#listItem\",\"name\":\"Not\\u00edcias Campina Grande\"}},{\"@type\":\"ListItem\",\"@id\":\"https:\\\/\\\/www.encontracampinagrande.com.br\\\/sobre\\\/noticias-em-campina-grande\\\/#listItem\",\"position\":2,\"name\":\"Not\\u00edcias Campina Grande\",\"item\":\"https:\\\/\\\/www.encontracampinagrande.com.br\\\/sobre\\\/noticias-em-campina-grande\\\/\",\"nextItem\":{\"@type\":\"ListItem\",\"@id\":\"https:\\\/\\\/www.encontracampinagrande.com.br\\\/sobre\\\/mais-de-200-pessoas-participam-do-pedal-do-dia-do-feirante-em-campina-grande\\\/#listItem\",\"name\":\"Mais de 200 pessoas participam do Pedal do Dia do Feirante em Campina Grande\"},\"previousItem\":{\"@type\":\"ListItem\",\"@id\":\"https:\\\/\\\/www.encontracampinagrande.com.br\\\/sobre#listItem\",\"name\":\"In\\u00edcio\"}},{\"@type\":\"ListItem\",\"@id\":\"https:\\\/\\\/www.encontracampinagrande.com.br\\\/sobre\\\/mais-de-200-pessoas-participam-do-pedal-do-dia-do-feirante-em-campina-grande\\\/#listItem\",\"position\":3,\"name\":\"Mais de 200 pessoas participam do Pedal do Dia do Feirante em Campina Grande\",\"previousItem\":{\"@type\":\"ListItem\",\"@id\":\"https:\\\/\\\/www.encontracampinagrande.com.br\\\/sobre\\\/noticias-em-campina-grande\\\/#listItem\",\"name\":\"Not\\u00edcias Campina Grande\"}}]},{\"@type\":\"Organization\",\"@id\":\"https:\\\/\\\/www.encontracampinagrande.com.br\\\/sobre\\\/#organization\",\"name\":\"Not\\u00edcias da Cidade Campina Grande\",\"description\":\"Not\\u00edcias, eventos, informa\\u00e7\\u00f5es e dicas na cidade de Campina Grande e regi\\u00e3o.\",\"url\":\"https:\\\/\\\/www.encontracampinagrande.com.br\\\/sobre\\\/\"},{\"@type\":\"Person\",\"@id\":\"https:\\\/\\\/www.encontracampinagrande.com.br\\\/sobre\\\/author\\\/ecampinagrande\\\/#author\",\"url\":\"https:\\\/\\\/www.encontracampinagrande.com.br\\\/sobre\\\/author\\\/ecampinagrande\\\/\",\"name\":\"Encontra Campina Grande\",\"image\":{\"@type\":\"ImageObject\",\"@id\":\"https:\\\/\\\/www.encontracampinagrande.com.br\\\/sobre\\\/mais-de-200-pessoas-participam-do-pedal-do-dia-do-feirante-em-campina-grande\\\/#authorImage\",\"url\":\"https:\\\/\\\/secure.gravatar.com\\\/avatar\\\/507340682b8270222e1f208e23198b6ae7e2c6a1033ae84e99bc6bce4f82a387?s=96&d=mm&r=g\",\"width\":96,\"height\":96,\"caption\":\"Encontra Campina Grande\"}},{\"@type\":\"WebPage\",\"@id\":\"https:\\\/\\\/www.encontracampinagrande.com.br\\\/sobre\\\/mais-de-200-pessoas-participam-do-pedal-do-dia-do-feirante-em-campina-grande\\\/#webpage\",\"url\":\"https:\\\/\\\/www.encontracampinagrande.com.br\\\/sobre\\\/mais-de-200-pessoas-participam-do-pedal-do-dia-do-feirante-em-campina-grande\\\/\",\"name\":\"Mais de 200 pessoas participam do Pedal do Dia do Feirante em Campina Grande - Encontra Campina Grande\",\"description\":\"Descubra como o Pedal do Dia do Feirante em Campina Grande uniu solidariedade e esporte.\",\"inLanguage\":\"pt-BR\",\"isPartOf\":{\"@id\":\"https:\\\/\\\/www.encontracampinagrande.com.br\\\/sobre\\\/#website\"},\"breadcrumb\":{\"@id\":\"https:\\\/\\\/www.encontracampinagrande.com.br\\\/sobre\\\/mais-de-200-pessoas-participam-do-pedal-do-dia-do-feirante-em-campina-grande\\\/#breadcrumblist\"},\"author\":{\"@id\":\"https:\\\/\\\/www.encontracampinagrande.com.br\\\/sobre\\\/author\\\/ecampinagrande\\\/#author\"},\"creator\":{\"@id\":\"https:\\\/\\\/www.encontracampinagrande.com.br\\\/sobre\\\/author\\\/ecampinagrande\\\/#author\"},\"image\":{\"@type\":\"ImageObject\",\"url\":\"https:\\\/\\\/www.encontracampinagrande.com.br\\\/sobre\\\/wp-content\\\/uploads\\\/2026\\\/09\\\/mais-de-200-pessoas-participam-do-pedal-do-dia-do-feirante-em-campina-grande.webp\",\"@id\":\"https:\\\/\\\/www.encontracampinagrande.com.br\\\/sobre\\\/mais-de-200-pessoas-participam-do-pedal-do-dia-do-feirante-em-campina-grande\\\/#mainImage\",\"width\":280,\"height\":280,\"caption\":\"Pedal do Dia do Feirante em Campina Grande\"},\"primaryImageOfPage\":{\"@id\":\"https:\\\/\\\/www.encontracampinagrande.com.br\\\/sobre\\\/mais-de-200-pessoas-participam-do-pedal-do-dia-do-feirante-em-campina-grande\\\/#mainImage\"},\"datePublished\":\"2026-09-01T00:30:26-03:00\",\"dateModified\":\"2026-09-01T00:30:26-03:00\"},{\"@type\":\"WebSite\",\"@id\":\"https:\\\/\\\/www.encontracampinagrande.com.br\\\/sobre\\\/#website\",\"url\":\"https:\\\/\\\/www.encontracampinagrande.com.br\\\/sobre\\\/\",\"name\":\"Not\\u00edcias da Cidade Campina Grande\",\"description\":\"Not\\u00edcias, eventos, informa\\u00e7\\u00f5es e dicas na cidade de Campina Grande e regi\\u00e3o.\",\"inLanguage\":\"pt-BR\",\"publisher\":{\"@id\":\"https:\\\/\\\/www.encontracampinagrande.com.br\\\/sobre\\\/#organization\"}}]}\n\t\t<\/script>\n\t\t<!-- All in One SEO -->\n\n","aioseo_head_json":{"title":"Mais de 200 pessoas participam do Pedal do Dia do Feirante em Campina Grande - Encontra Campina Grande","description":"Descubra como o Pedal do Dia do Feirante em Campina Grande uniu solidariedade e esporte.","canonical_url":"https:\/\/www.encontracampinagrande.com.br\/sobre\/mais-de-200-pessoas-participam-do-pedal-do-dia-do-feirante-em-campina-grande\/","robots":"max-image-preview:large","keywords":"","webmasterTools":{"miscellaneous":""},"schema":{"@context":"https:\/\/schema.org","@graph":[{"@type":"BlogPosting","@id":"https:\/\/www.encontracampinagrande.com.br\/sobre\/mais-de-200-pessoas-participam-do-pedal-do-dia-do-feirante-em-campina-grande\/#blogposting","name":"Mais de 200 pessoas participam do Pedal do Dia do Feirante em Campina Grande - Encontra Campina Grande","headline":"Mais de 200 pessoas participam do Pedal do Dia do Feirante em Campina Grande","author":{"@id":"https:\/\/www.encontracampinagrande.com.br\/sobre\/author\/ecampinagrande\/#author"},"publisher":{"@id":"https:\/\/www.encontracampinagrande.com.br\/sobre\/#organization"},"image":{"@type":"ImageObject","url":"https:\/\/www.encontracampinagrande.com.br\/sobre\/wp-content\/uploads\/2026\/09\/mais-de-200-pessoas-participam-do-pedal-do-dia-do-feirante-em-campina-grande.webp","width":280,"height":280,"caption":"Pedal do Dia do Feirante em Campina Grande"},"datePublished":"2026-09-01T00:30:26-03:00","dateModified":"2026-09-01T00:30:26-03:00","inLanguage":"pt-BR","mainEntityOfPage":{"@id":"https:\/\/www.encontracampinagrande.com.br\/sobre\/mais-de-200-pessoas-participam-do-pedal-do-dia-do-feirante-em-campina-grande\/#webpage"},"isPartOf":{"@id":"https:\/\/www.encontracampinagrande.com.br\/sobre\/mais-de-200-pessoas-participam-do-pedal-do-dia-do-feirante-em-campina-grande\/#webpage"},"articleSection":"Not\u00edcias Campina Grande"},{"@type":"BreadcrumbList","@id":"https:\/\/www.encontracampinagrande.com.br\/sobre\/mais-de-200-pessoas-participam-do-pedal-do-dia-do-feirante-em-campina-grande\/#breadcrumblist","itemListElement":[{"@type":"ListItem","@id":"https:\/\/www.encontracampinagrande.com.br\/sobre#listItem","position":1,"name":"In\u00edcio","item":"https:\/\/www.encontracampinagrande.com.br\/sobre","nextItem":{"@type":"ListItem","@id":"https:\/\/www.encontracampinagrande.com.br\/sobre\/noticias-em-campina-grande\/#listItem","name":"Not\u00edcias Campina Grande"}},{"@type":"ListItem","@id":"https:\/\/www.encontracampinagrande.com.br\/sobre\/noticias-em-campina-grande\/#listItem","position":2,"name":"Not\u00edcias Campina Grande","item":"https:\/\/www.encontracampinagrande.com.br\/sobre\/noticias-em-campina-grande\/","nextItem":{"@type":"ListItem","@id":"https:\/\/www.encontracampinagrande.com.br\/sobre\/mais-de-200-pessoas-participam-do-pedal-do-dia-do-feirante-em-campina-grande\/#listItem","name":"Mais de 200 pessoas participam do Pedal do Dia do Feirante em Campina Grande"},"previousItem":{"@type":"ListItem","@id":"https:\/\/www.encontracampinagrande.com.br\/sobre#listItem","name":"In\u00edcio"}},{"@type":"ListItem","@id":"https:\/\/www.encontracampinagrande.com.br\/sobre\/mais-de-200-pessoas-participam-do-pedal-do-dia-do-feirante-em-campina-grande\/#listItem","position":3,"name":"Mais de 200 pessoas participam do Pedal do Dia do Feirante em Campina Grande","previousItem":{"@type":"ListItem","@id":"https:\/\/www.encontracampinagrande.com.br\/sobre\/noticias-em-campina-grande\/#listItem","name":"Not\u00edcias Campina Grande"}}]},{"@type":"Organization","@id":"https:\/\/www.encontracampinagrande.com.br\/sobre\/#organization","name":"Not\u00edcias da Cidade Campina Grande","description":"Not\u00edcias, eventos, informa\u00e7\u00f5es e dicas na cidade de Campina Grande e regi\u00e3o.","url":"https:\/\/www.encontracampinagrande.com.br\/sobre\/"},{"@type":"Person","@id":"https:\/\/www.encontracampinagrande.com.br\/sobre\/author\/ecampinagrande\/#author","url":"https:\/\/www.encontracampinagrande.com.br\/sobre\/author\/ecampinagrande\/","name":"Encontra Campina Grande","image":{"@type":"ImageObject","@id":"https:\/\/www.encontracampinagrande.com.br\/sobre\/mais-de-200-pessoas-participam-do-pedal-do-dia-do-feirante-em-campina-grande\/#authorImage","url":"https:\/\/secure.gravatar.com\/avatar\/507340682b8270222e1f208e23198b6ae7e2c6a1033ae84e99bc6bce4f82a387?s=96&d=mm&r=g","width":96,"height":96,"caption":"Encontra Campina Grande"}},{"@type":"WebPage","@id":"https:\/\/www.encontracampinagrande.com.br\/sobre\/mais-de-200-pessoas-participam-do-pedal-do-dia-do-feirante-em-campina-grande\/#webpage","url":"https:\/\/www.encontracampinagrande.com.br\/sobre\/mais-de-200-pessoas-participam-do-pedal-do-dia-do-feirante-em-campina-grande\/","name":"Mais de 200 pessoas participam do Pedal do Dia do Feirante em Campina Grande - Encontra Campina Grande","description":"Descubra como o Pedal do Dia do Feirante em Campina Grande uniu solidariedade e esporte.","inLanguage":"pt-BR","isPartOf":{"@id":"https:\/\/www.encontracampinagrande.com.br\/sobre\/#website"},"breadcrumb":{"@id":"https:\/\/www.encontracampinagrande.com.br\/sobre\/mais-de-200-pessoas-participam-do-pedal-do-dia-do-feirante-em-campina-grande\/#breadcrumblist"},"author":{"@id":"https:\/\/www.encontracampinagrande.com.br\/sobre\/author\/ecampinagrande\/#author"},"creator":{"@id":"https:\/\/www.encontracampinagrande.com.br\/sobre\/author\/ecampinagrande\/#author"},"image":{"@type":"ImageObject","url":"https:\/\/www.encontracampinagrande.com.br\/sobre\/wp-content\/uploads\/2026\/09\/mais-de-200-pessoas-participam-do-pedal-do-dia-do-feirante-em-campina-grande.webp","@id":"https:\/\/www.encontracampinagrande.com.br\/sobre\/mais-de-200-pessoas-participam-do-pedal-do-dia-do-feirante-em-campina-grande\/#mainImage","width":280,"height":280,"caption":"Pedal do Dia do Feirante em Campina Grande"},"primaryImageOfPage":{"@id":"https:\/\/www.encontracampinagrande.com.br\/sobre\/mais-de-200-pessoas-participam-do-pedal-do-dia-do-feirante-em-campina-grande\/#mainImage"},"datePublished":"2026-09-01T00:30:26-03:00","dateModified":"2026-09-01T00:30:26-03:00"},{"@type":"WebSite","@id":"https:\/\/www.encontracampinagrande.com.br\/sobre\/#website","url":"https:\/\/www.encontracampinagrande.com.br\/sobre\/","name":"Not\u00edcias da Cidade Campina Grande","description":"Not\u00edcias, eventos, informa\u00e7\u00f5es e dicas na cidade de Campina Grande e regi\u00e3o.","inLanguage":"pt-BR","publisher":{"@id":"https:\/\/www.encontracampinagrande.com.br\/sobre\/#organization"}}]},"og:locale":"pt_BR","og:site_name":"Encontra Campina Grande - Not\u00edcias, eventos, informa\u00e7\u00f5es e dicas na cidade de Campina Grande e regi\u00e3o.","og:type":"article","og:title":"Mais de 200 pessoas participam do Pedal do Dia do Feirante em Campina Grande - Encontra Campina Grande","og:description":"Descubra como o Pedal do Dia do Feirante em Campina Grande uniu solidariedade e esporte.","og:url":"https:\/\/www.encontracampinagrande.com.br\/sobre\/mais-de-200-pessoas-participam-do-pedal-do-dia-do-feirante-em-campina-grande\/","article:published_time":"2026-09-01T03:30:26+00:00","article:modified_time":"2026-09-01T03:30:26+00:00","twitter:card":"summary_large_image","twitter:title":"Mais de 200 pessoas participam do Pedal do Dia do Feirante em Campina Grande - Encontra Campina Grande","twitter:description":"Descubra como o Pedal do Dia do Feirante em Campina Grande uniu solidariedade e esporte."},"aioseo_meta_data":{"post_id":"1986","title":null,"description":null,"keywords":null,"keyphrases":null,"primary_term":null,"canonical_url":null,"og_title":null,"og_description":null,"og_object_type":"default","og_image_type":"default","og_image_url":null,"og_image_width":null,"og_image_height":null,"og_image_custom_url":null,"og_image_custom_fields":null,"og_video":null,"og_custom_url":null,"og_article_section":null,"og_article_tags":null,"twitter_use_og":false,"twitter_card":"default","twitter_image_type":"default","twitter_image_url":null,"twitter_image_custom_url":null,"twitter_image_custom_fields":null,"twitter_title":null,"twitter_description":null,"schema":{"blockGraphs":[],"customGraphs":[],"default":{"data":{"Article":[],"Course":[],"Dataset":[],"FAQPage":[],"Movie":[],"Person":[],"Product":[],"ProductReview":[],"Car":[],"Recipe":[],"Service":[],"SoftwareApplication":[],"WebPage":[]},"graphName":"","isEnabled":true},"graphs":[]},"schema_type":"default","schema_type_options":null,"pillar_content":false,"robots_default":true,"robots_noindex":false,"robots_noarchive":false,"robots_nosnippet":false,"robots_nofollow":false,"robots_noimageindex":false,"robots_noodp":false,"robots_notranslate":false,"robots_max_snippet":null,"robots_max_videopreview":null,"robots_max_imagepreview":"large","priority":null,"frequency":null,"local_seo":null,"breadcrumb_settings":null,"limit_modified_date":false,"ai":null,"created":"2026-09-01 03:51:49","updated":"2026-09-01 03:51:49","focus_keyword":null,"additional_keywords":null,"truseo_locale":null,"seo_analyzer_scan_date":null},"aioseo_breadcrumb":"<div class=\"aioseo-breadcrumbs\"><span class=\"aioseo-breadcrumb\">\n\t\t\t<a href=\"https:\/\/www.encontracampinagrande.com.br\/sobre\" title=\"In\u00edcio\">In\u00edcio<\/a>\n\t\t<\/span><span class=\"aioseo-breadcrumb-separator\">&raquo;<\/span><span class=\"aioseo-breadcrumb\">\n\t\t\t<a href=\"https:\/\/www.encontracampinagrande.com.br\/sobre\/noticias-em-campina-grande\/\" title=\"Not\u00edcias Campina Grande\">Not\u00edcias Campina Grande<\/a>\n\t\t<\/span><span class=\"aioseo-breadcrumb-separator\">&raquo;<\/span><span class=\"aioseo-breadcrumb\">\n\t\t\tMais de 200 pessoas participam do Pedal do Dia do Feirante em Campina Grande\n\t\t<\/span><\/div>","aioseo_breadcrumb_json":[{"label":"In\u00edcio","link":"https:\/\/www.encontracampinagrande.com.br\/sobre"},{"label":"Not\u00edcias Campina Grande","link":"https:\/\/www.encontracampinagrande.com.br\/sobre\/noticias-em-campina-grande\/"},{"label":"Mais de 200 pessoas participam do Pedal do Dia do Feirante em Campina Grande","link":"https:\/\/www.encontracampinagrande.com.br\/sobre\/mais-de-200-pessoas-participam-do-pedal-do-dia-do-feirante-em-campina-grande\/"}],"_links":{"self":[{"href":"https:\/\/www.encontracampinagrande.com.br\/sobre\/wp-json\/wp\/v2\/posts\/1986","targetHints":{"allow":["GET"]}}],"collection":[{"href":"https:\/\/www.encontracampinagrande.com.br\/sobre\/wp-json\/wp\/v2\/posts"}],"about":[{"href":"https:\/\/www.encontracampinagrande.com.br\/sobre\/wp-json\/wp\/v2\/types\/post"}],"author":[{"embeddable":true,"href":"https:\/\/www.encontracampinagrande.com.br\/sobre\/wp-json\/wp\/v2\/users\/1"}],"replies":[{"embeddable":true,"href":"https:\/\/www.encontracampinagrande.com.br\/sobre\/wp-json\/wp\/v2\/comments?post=1986"}],"version-history":[{"count":0,"href":"https:\/\/www.encontracampinagrande.com.br\/sobre\/wp-json\/wp\/v2\/posts\/1986\/revisions"}],"wp:featuredmedia":[{"embeddable":true,"href":"https:\/\/www.encontracampinagrande.com.br\/sobre\/wp-json\/wp\/v2\/media\/1985"}],"wp:attachment":[{"href":"https:\/\/www.encontracampinagrande.com.br\/sobre\/wp-json\/wp\/v2\/media?parent=1986"}],"wp:term":[{"taxonomy":"category","embeddable":true,"href":"https:\/\/www.encontracampinagrande.com.br\/sobre\/wp-json\/wp\/v2\/categories?post=1986"},{"taxonomy":"post_tag","embeddable":true,"href":"https:\/\/www.encontracampinagrande.com.br\/sobre\/wp-json\/wp\/v2\/tags?post=1986"}],"curies":[{"name":"wp","href":"https:\/\/api.w.org\/{rel}","templated":true}]}}