{"id":1978,"date":"2026-08-31T00:29:38","date_gmt":"2026-08-31T03:29:38","guid":{"rendered":"https:\/\/www.encontracampinagrande.com.br\/sobre\/procon-movel-marca-presenca-no-festival-de-inverno-de-campina-grande-com-atendimento-ao-consumidor-nesta-sexta-e-sabado\/"},"modified":"2026-08-31T00:29:38","modified_gmt":"2026-08-31T03:29:38","slug":"procon-movel-marca-presenca-no-festival-de-inverno-de-campina-grande-com-atendimento-ao-consumidor-nesta-sexta-e-sabado","status":"publish","type":"post","link":"https:\/\/www.encontracampinagrande.com.br\/sobre\/procon-movel-marca-presenca-no-festival-de-inverno-de-campina-grande-com-atendimento-ao-consumidor-nesta-sexta-e-sabado\/","title":{"rendered":"Procon M\u00f3vel marca presen\u00e7a no Festival de Inverno de Campina Grande com atendimento ao consumidor, nesta sexta e s\u00e1bado"},"content":{"rendered":"<div class=\"b89f950780fb4e4d64d40062a6f17959\" data-index=\"1\" style=\"float: none; margin:0px;\">\n<!-- Anuncio display - global -->\r\n<ins class=\"adsbygoogle\"\r\n     style=\"display:block\"\r\n     data-ad-client=\"ca-pub-8585364105181520\"\r\n     data-ad-slot=\"8789329856\"\r\n     data-ad-format=\"auto\"\r\n     data-full-width-responsive=\"true\"><\/ins>\r\n<script>\r\n     (adsbygoogle = window.adsbygoogle || []).push({});\r\n<\/script>\n<\/div>\n<h2>O que \u00e9 o Procon M\u00f3vel?<\/h2>\n<p>O <strong>Procon M\u00f3vel<\/strong> \u00e9 uma iniciativa que visa levar servi\u00e7os de prote\u00e7\u00e3o ao consumidor diretamente para eventos p\u00fablicos e locais de grande circula\u00e7\u00e3o. Este programa do <strong>Procon Municipal de Campina Grande<\/strong> facilita o acesso da popula\u00e7\u00e3o a informa\u00e7\u00f5es e orienta\u00e7\u00f5es sobre os seus direitos. O foco principal desta unidade m\u00f3vel \u00e9 promover conhecimento e apoio para que os cidad\u00e3os possam fazer valer seus direitos em situa\u00e7\u00f5es de consumo.<\/p>\n<h2>Servi\u00e7os Dispon\u00edveis no Festival<\/h2>\n<p>Durante o <strong>Festival de Inverno<\/strong> de Campina Grande, o Procon M\u00f3vel disponibiliza uma gama de servi\u00e7os, incluindo:<\/p>\n<ul>\n<li><strong>Orienta\u00e7\u00e3o Jur\u00eddica:<\/strong> Profissionais est\u00e3o preparados para esclarecer d\u00favidas sobre direitos do consumidor, ajudando nas rela\u00e7\u00f5es de consumo.<\/li>\n<li><strong>Registro de Reclama\u00e7\u00f5es:<\/strong> Os participantes do evento podem formalizar queixas sobre produtos e servi\u00e7os, garantindo que suas vozes sejam ouvidas.<\/li>\n<li><strong>Fiscaliza\u00e7\u00e3o:<\/strong> O Procon atua na supervis\u00e3o de pr\u00e1ticas comerciais durante o festival, assegurando que as normas de defesa do consumidor sejam cumpridas.<\/li>\n<li><strong>Materiais Educacionais:<\/strong> Distribui\u00e7\u00e3o de folhetos informativos sobre o <strong>C\u00f3digo de Defesa do Consumidor<\/strong> e outras orienta\u00e7\u00f5es pr\u00e1ticas.<\/li>\n<\/ul>\n<h2>Localiza\u00e7\u00e3o do Procon M\u00f3vel no Evento<\/h2>\n<p>Para facilitar o acesso ao p\u00fablico, o Procon M\u00f3vel estar\u00e1 localizado centrado no <strong>Parque Evaldo Cruz<\/strong>, onde o festival ocorre. A posi\u00e7\u00e3o estrat\u00e9gica tem como objetivo maximizar a visibilidade dos servi\u00e7os prestados, ajudando um maior n\u00famero de pessoas a usufruir dos direitos que possuem.<\/p>\n<p><img decoding=\"async\" src=\"https:\/\/www.encontracampinagrande.com.br\/sobre\/wp-content\/uploads\/2026\/08\/procon-movel-marca-presenca-no-festival-de-inverno-de-campina-grande-com-atendimento-ao-consumidor-n.webp\" alt=\"Procon M\u00f3vel\" loading=\"lazy\" \/><\/p>\n<h2>Hor\u00e1rios de Atendimento do Procon M\u00f3vel<\/h2>\n<p>O atendimento do Procon M\u00f3vel no Festival de Inverno ocorrer\u00e1 nos seguintes hor\u00e1rios:<\/p>\n<ul>\n<li><strong>Sexta-feira (28):<\/strong> Das 18h \u00e0s 21h.<\/li>\n<li><strong>S\u00e1bado (29):<\/strong> Das 18h \u00e0s 21h.<\/li>\n<\/ul>\n<p>Esses hor\u00e1rios foram escolhidos para coincidir com o pico de visitantes do festival, garantindo que o maior n\u00famero poss\u00edvel de pessoas tenha acesso aos servi\u00e7os oferecidos.<\/p>\n<h2>Import\u00e2ncia de Orienta\u00e7\u00e3o ao Consumidor<\/h2>\n<p>Oferecer orienta\u00e7\u00e3o ao consumidor \u00e9 um dos pilares do Procon M\u00f3vel. \u00c9 fundamental que as pessoas conhe\u00e7am seus direitos, especialmente em ambientes de consumo onde podem surgir diverg\u00eancias e conflitos. A presen\u00e7a do Procon em eventos como o Festival de Inverno \u00e9 crucial para:<\/p>\n<ul>\n<li>Prevenir abusos nas rela\u00e7\u00f5es de consumo.<\/li>\n<li>Promover um ambiente comercial justo e transparente.<\/li>\n<li>Contribuir para a forma\u00e7\u00e3o de consumidores mais conscientes e cr\u00edticos.<\/li>\n<\/ul>\n<h2>Como Funciona o Registro de Reclama\u00e7\u00f5es<\/h2>\n<p>O processo de registro de reclama\u00e7\u00f5es no Procon M\u00f3vel \u00e9 simples. Os consumidores devem:<\/p>\n<ol>\n<li>Aproximar-se da equipe do Procon no local do evento.<\/li>\n<li>Explicar a situa\u00e7\u00e3o e apresentar os documentos necess\u00e1rios, como notas fiscais e comprovantes de compra.<\/li>\n<li>Formalizar a reclama\u00e7\u00e3o, que ser\u00e1 registrada e acompanhada pela equipe do Procon.<\/li>\n<\/ol>\n<p>Este procedimento garante que as queixas sejam tratadas de maneira adequada e que medidas sejam tomadas para solucionar os problemas relatados.<\/p>\n<h2>Materiais Educativos Dispon\u00edveis<\/h2>\n<p>O Procon M\u00f3vel tamb\u00e9m tem a inten\u00e7\u00e3o de educar os consumidores sobre seus direitos. Para isso, ser\u00e1 distribu\u00eddo material informativo, que inclui:<\/p>\n<ul>\n<li><strong>Cartilhas:<\/strong> Com informa\u00e7\u00f5es detalhadas sobre o <strong>C\u00f3digo de Defesa do Consumidor<\/strong> e dicas pr\u00e1ticas sobre como se comportar em situa\u00e7\u00f5es de consumo.<\/li>\n<li><strong>Panfletos:<\/strong> Resumos de direitos e deveres do consumidor e informa\u00e7\u00f5es de contato do Procon para futuras orienta\u00e7\u00f5es.<\/li>\n<li><strong>V\u00eddeos e Apresenta\u00e7\u00f5es:<\/strong> Exibi\u00e7\u00f5es em materiais visuais para facilitar a compreens\u00e3o dos direitos do consumidor.<\/li>\n<\/ul>\n<h2>Testemunhos de Participantes<\/h2>\n<p>O feedback dos participantes \u00e9 fundamental para avaliar o impacto do Procon M\u00f3vel. Durante eventos, \u00e9 comum ouvir relatos de consumidores que se beneficiaram da presen\u00e7a do Procon:<\/p>\n<ul>\n<li>&#8220;Tirei minhas d\u00favidas em rela\u00e7\u00e3o a um produto que comprei e me senti mais seguro em rela\u00e7\u00e3o aos meus direitos.&#8221;<\/li>\n<li>&#8220;Foi \u00f3timo poder registrar uma reclama\u00e7\u00e3o diretamente no evento, sem ter que esperar dias para ir ao \u00f3rg\u00e3o.&#8221;<\/li>\n<\/ul>\n<p>Esses testemunhos refor\u00e7am a import\u00e2ncia da atua\u00e7\u00e3o do Procon em eventos e a receptividade do p\u00fablico a esses servi\u00e7os.<\/p>\n<h2>Relev\u00e2ncia do Festival de Inverno<\/h2>\n<p>O <strong>Festival de Inverno de Campina Grande<\/strong> \u00e9 um dos eventos culturais mais significativos da cidade, atraindo milhares de visitantes. Al\u00e9m de oferecer entretenimento e cultura, o festival tamb\u00e9m representa uma oportunidade valiosa para:<\/p>\n<ul>\n<li>Estimular a economia local, com o aumento do com\u00e9rcio e a gera\u00e7\u00e3o de empregos tempor\u00e1rios.<\/li>\n<li>Integrar a comunidade e promover interc\u00e2mbios culturais entre visitantes e moradores.<\/li>\n<li>Consolidar a imagem de Campina Grande como um polo cultural na regi\u00e3o.<\/li>\n<\/ul>\n<h2>Compromisso com os Direitos do Consumidor<\/h2>\n<p>O Procon M\u00f3vel \u00e9 um reflexo do comprometimento da gest\u00e3o municipal em garantir os direitos dos consumidores. Ao disponibilizar esses servi\u00e7os em locais acess\u00edveis e eventos importantes, o \u00f3rg\u00e3o demonstra sua miss\u00e3o de proteger e defender o cidad\u00e3o. O trabalho realizado visa n\u00e3o apenas resolver conflitos, mas tamb\u00e9m educar e conscientizar a popula\u00e7\u00e3o sobre suas garantias legais. O objetivo \u00e9 criar um ambiente de consumo mais justo e equilibrado, onde todos possam participar com seguran\u00e7a e confian\u00e7a.<\/p>\n\n<div style=\"font-size: 0px; height: 0px; line-height: 0px; margin: 0; padding: 0; clear: both;\"><\/div>","protected":false},"excerpt":{"rendered":"<p>Procon M\u00f3vel proporciona atendimento ao consumidor no Festival de Inverno.<\/p>\n","protected":false},"author":1,"featured_media":1977,"comment_status":"open","ping_status":"","sticky":false,"template":"","format":"standard","meta":{"footnotes":""},"categories":[1],"tags":[],"class_list":["post-1978","post","type-post","status-publish","format-standard","has-post-thumbnail","hentry","category-noticias-em-campina-grande","has_thumb"],"aioseo_notices":[],"aioseo_head":"\n\t\t<!-- All in One SEO 5.0.0.1 - aioseo.com -->\n\t<meta name=\"description\" content=\"Procon M\u00f3vel proporciona atendimento ao consumidor no Festival de Inverno.\" \/>\n\t<meta name=\"robots\" content=\"max-image-preview:large\" \/>\n\t<meta name=\"author\" content=\"Encontra Campina Grande\"\/>\n\t<link rel=\"canonical\" href=\"https:\/\/www.encontracampinagrande.com.br\/sobre\/procon-movel-marca-presenca-no-festival-de-inverno-de-campina-grande-com-atendimento-ao-consumidor-nesta-sexta-e-sabado\/\" \/>\n\t<meta name=\"generator\" content=\"All in One SEO (AIOSEO) 5.0.0.1\" \/>\n\t\t<meta property=\"og:locale\" content=\"pt_BR\" \/>\n\t\t<meta property=\"og:site_name\" content=\"Encontra Campina Grande - Not\u00edcias, eventos, informa\u00e7\u00f5es e dicas na cidade de Campina Grande e regi\u00e3o.\" \/>\n\t\t<meta property=\"og:type\" content=\"article\" \/>\n\t\t<meta property=\"og:title\" content=\"Procon M\u00f3vel marca presen\u00e7a no Festival de Inverno de Campina Grande com atendimento ao consumidor, nesta sexta e s\u00e1bado - Encontra Campina Grande\" \/>\n\t\t<meta property=\"og:description\" content=\"Procon M\u00f3vel proporciona atendimento ao consumidor no Festival de Inverno.\" \/>\n\t\t<meta property=\"og:url\" content=\"https:\/\/www.encontracampinagrande.com.br\/sobre\/procon-movel-marca-presenca-no-festival-de-inverno-de-campina-grande-com-atendimento-ao-consumidor-nesta-sexta-e-sabado\/\" \/>\n\t\t<meta property=\"article:published_time\" content=\"2026-08-31T03:29:38+00:00\" \/>\n\t\t<meta property=\"article:modified_time\" content=\"2026-08-31T03:29:38+00:00\" \/>\n\t\t<meta name=\"twitter:card\" content=\"summary_large_image\" \/>\n\t\t<meta name=\"twitter:title\" content=\"Procon M\u00f3vel marca presen\u00e7a no Festival de Inverno de Campina Grande com atendimento ao consumidor, nesta sexta e s\u00e1bado - Encontra Campina Grande\" \/>\n\t\t<meta name=\"twitter:description\" content=\"Procon M\u00f3vel proporciona atendimento ao consumidor no Festival de Inverno.\" \/>\n\t\t<script type=\"application\/ld+json\" class=\"aioseo-schema\">\n\t\t\t{\"@context\":\"https:\\\/\\\/schema.org\",\"@graph\":[{\"@type\":\"BlogPosting\",\"@id\":\"https:\\\/\\\/www.encontracampinagrande.com.br\\\/sobre\\\/procon-movel-marca-presenca-no-festival-de-inverno-de-campina-grande-com-atendimento-ao-consumidor-nesta-sexta-e-sabado\\\/#blogposting\",\"name\":\"Procon M\\u00f3vel marca presen\\u00e7a no Festival de Inverno de Campina Grande com atendimento ao consumidor, nesta sexta e s\\u00e1bado - Encontra Campina Grande\",\"headline\":\"Procon M\\u00f3vel marca presen\\u00e7a no Festival de Inverno de Campina Grande com atendimento ao consumidor, nesta sexta e s\\u00e1bado\",\"author\":{\"@id\":\"https:\\\/\\\/www.encontracampinagrande.com.br\\\/sobre\\\/author\\\/ecampinagrande\\\/#author\"},\"publisher\":{\"@id\":\"https:\\\/\\\/www.encontracampinagrande.com.br\\\/sobre\\\/#organization\"},\"image\":{\"@type\":\"ImageObject\",\"url\":\"https:\\\/\\\/www.encontracampinagrande.com.br\\\/sobre\\\/wp-content\\\/uploads\\\/2026\\\/08\\\/procon-movel-marca-presenca-no-festival-de-inverno-de-campina-grande-com-atendimento-ao-consumidor-n.webp\",\"width\":280,\"height\":280,\"caption\":\"Procon M\\u00f3vel\"},\"datePublished\":\"2026-08-31T00:29:38-03:00\",\"dateModified\":\"2026-08-31T00:29:38-03:00\",\"inLanguage\":\"pt-BR\",\"mainEntityOfPage\":{\"@id\":\"https:\\\/\\\/www.encontracampinagrande.com.br\\\/sobre\\\/procon-movel-marca-presenca-no-festival-de-inverno-de-campina-grande-com-atendimento-ao-consumidor-nesta-sexta-e-sabado\\\/#webpage\"},\"isPartOf\":{\"@id\":\"https:\\\/\\\/www.encontracampinagrande.com.br\\\/sobre\\\/procon-movel-marca-presenca-no-festival-de-inverno-de-campina-grande-com-atendimento-ao-consumidor-nesta-sexta-e-sabado\\\/#webpage\"},\"articleSection\":\"Not\\u00edcias Campina Grande\"},{\"@type\":\"BreadcrumbList\",\"@id\":\"https:\\\/\\\/www.encontracampinagrande.com.br\\\/sobre\\\/procon-movel-marca-presenca-no-festival-de-inverno-de-campina-grande-com-atendimento-ao-consumidor-nesta-sexta-e-sabado\\\/#breadcrumblist\",\"itemListElement\":[{\"@type\":\"ListItem\",\"@id\":\"https:\\\/\\\/www.encontracampinagrande.com.br\\\/sobre#listItem\",\"position\":1,\"name\":\"In\\u00edcio\",\"item\":\"https:\\\/\\\/www.encontracampinagrande.com.br\\\/sobre\",\"nextItem\":{\"@type\":\"ListItem\",\"@id\":\"https:\\\/\\\/www.encontracampinagrande.com.br\\\/sobre\\\/noticias-em-campina-grande\\\/#listItem\",\"name\":\"Not\\u00edcias Campina Grande\"}},{\"@type\":\"ListItem\",\"@id\":\"https:\\\/\\\/www.encontracampinagrande.com.br\\\/sobre\\\/noticias-em-campina-grande\\\/#listItem\",\"position\":2,\"name\":\"Not\\u00edcias Campina Grande\",\"item\":\"https:\\\/\\\/www.encontracampinagrande.com.br\\\/sobre\\\/noticias-em-campina-grande\\\/\",\"nextItem\":{\"@type\":\"ListItem\",\"@id\":\"https:\\\/\\\/www.encontracampinagrande.com.br\\\/sobre\\\/procon-movel-marca-presenca-no-festival-de-inverno-de-campina-grande-com-atendimento-ao-consumidor-nesta-sexta-e-sabado\\\/#listItem\",\"name\":\"Procon M\\u00f3vel marca presen\\u00e7a no Festival de Inverno de Campina Grande com atendimento ao consumidor, nesta sexta e s\\u00e1bado\"},\"previousItem\":{\"@type\":\"ListItem\",\"@id\":\"https:\\\/\\\/www.encontracampinagrande.com.br\\\/sobre#listItem\",\"name\":\"In\\u00edcio\"}},{\"@type\":\"ListItem\",\"@id\":\"https:\\\/\\\/www.encontracampinagrande.com.br\\\/sobre\\\/procon-movel-marca-presenca-no-festival-de-inverno-de-campina-grande-com-atendimento-ao-consumidor-nesta-sexta-e-sabado\\\/#listItem\",\"position\":3,\"name\":\"Procon M\\u00f3vel marca presen\\u00e7a no Festival de Inverno de Campina Grande com atendimento ao consumidor, nesta sexta e s\\u00e1bado\",\"previousItem\":{\"@type\":\"ListItem\",\"@id\":\"https:\\\/\\\/www.encontracampinagrande.com.br\\\/sobre\\\/noticias-em-campina-grande\\\/#listItem\",\"name\":\"Not\\u00edcias Campina Grande\"}}]},{\"@type\":\"Organization\",\"@id\":\"https:\\\/\\\/www.encontracampinagrande.com.br\\\/sobre\\\/#organization\",\"name\":\"Not\\u00edcias da Cidade Campina Grande\",\"description\":\"Not\\u00edcias, eventos, informa\\u00e7\\u00f5es e dicas na cidade de Campina Grande e regi\\u00e3o.\",\"url\":\"https:\\\/\\\/www.encontracampinagrande.com.br\\\/sobre\\\/\"},{\"@type\":\"Person\",\"@id\":\"https:\\\/\\\/www.encontracampinagrande.com.br\\\/sobre\\\/author\\\/ecampinagrande\\\/#author\",\"url\":\"https:\\\/\\\/www.encontracampinagrande.com.br\\\/sobre\\\/author\\\/ecampinagrande\\\/\",\"name\":\"Encontra Campina Grande\",\"image\":{\"@type\":\"ImageObject\",\"@id\":\"https:\\\/\\\/www.encontracampinagrande.com.br\\\/sobre\\\/procon-movel-marca-presenca-no-festival-de-inverno-de-campina-grande-com-atendimento-ao-consumidor-nesta-sexta-e-sabado\\\/#authorImage\",\"url\":\"https:\\\/\\\/secure.gravatar.com\\\/avatar\\\/507340682b8270222e1f208e23198b6ae7e2c6a1033ae84e99bc6bce4f82a387?s=96&d=mm&r=g\",\"width\":96,\"height\":96,\"caption\":\"Encontra Campina Grande\"}},{\"@type\":\"WebPage\",\"@id\":\"https:\\\/\\\/www.encontracampinagrande.com.br\\\/sobre\\\/procon-movel-marca-presenca-no-festival-de-inverno-de-campina-grande-com-atendimento-ao-consumidor-nesta-sexta-e-sabado\\\/#webpage\",\"url\":\"https:\\\/\\\/www.encontracampinagrande.com.br\\\/sobre\\\/procon-movel-marca-presenca-no-festival-de-inverno-de-campina-grande-com-atendimento-ao-consumidor-nesta-sexta-e-sabado\\\/\",\"name\":\"Procon M\\u00f3vel marca presen\\u00e7a no Festival de Inverno de Campina Grande com atendimento ao consumidor, nesta sexta e s\\u00e1bado - Encontra Campina Grande\",\"description\":\"Procon M\\u00f3vel proporciona atendimento ao consumidor no Festival de Inverno.\",\"inLanguage\":\"pt-BR\",\"isPartOf\":{\"@id\":\"https:\\\/\\\/www.encontracampinagrande.com.br\\\/sobre\\\/#website\"},\"breadcrumb\":{\"@id\":\"https:\\\/\\\/www.encontracampinagrande.com.br\\\/sobre\\\/procon-movel-marca-presenca-no-festival-de-inverno-de-campina-grande-com-atendimento-ao-consumidor-nesta-sexta-e-sabado\\\/#breadcrumblist\"},\"author\":{\"@id\":\"https:\\\/\\\/www.encontracampinagrande.com.br\\\/sobre\\\/author\\\/ecampinagrande\\\/#author\"},\"creator\":{\"@id\":\"https:\\\/\\\/www.encontracampinagrande.com.br\\\/sobre\\\/author\\\/ecampinagrande\\\/#author\"},\"image\":{\"@type\":\"ImageObject\",\"url\":\"https:\\\/\\\/www.encontracampinagrande.com.br\\\/sobre\\\/wp-content\\\/uploads\\\/2026\\\/08\\\/procon-movel-marca-presenca-no-festival-de-inverno-de-campina-grande-com-atendimento-ao-consumidor-n.webp\",\"@id\":\"https:\\\/\\\/www.encontracampinagrande.com.br\\\/sobre\\\/procon-movel-marca-presenca-no-festival-de-inverno-de-campina-grande-com-atendimento-ao-consumidor-nesta-sexta-e-sabado\\\/#mainImage\",\"width\":280,\"height\":280,\"caption\":\"Procon M\\u00f3vel\"},\"primaryImageOfPage\":{\"@id\":\"https:\\\/\\\/www.encontracampinagrande.com.br\\\/sobre\\\/procon-movel-marca-presenca-no-festival-de-inverno-de-campina-grande-com-atendimento-ao-consumidor-nesta-sexta-e-sabado\\\/#mainImage\"},\"datePublished\":\"2026-08-31T00:29:38-03:00\",\"dateModified\":\"2026-08-31T00:29:38-03:00\"},{\"@type\":\"WebSite\",\"@id\":\"https:\\\/\\\/www.encontracampinagrande.com.br\\\/sobre\\\/#website\",\"url\":\"https:\\\/\\\/www.encontracampinagrande.com.br\\\/sobre\\\/\",\"name\":\"Not\\u00edcias da Cidade Campina Grande\",\"description\":\"Not\\u00edcias, eventos, informa\\u00e7\\u00f5es e dicas na cidade de Campina Grande e regi\\u00e3o.\",\"inLanguage\":\"pt-BR\",\"publisher\":{\"@id\":\"https:\\\/\\\/www.encontracampinagrande.com.br\\\/sobre\\\/#organization\"}}]}\n\t\t<\/script>\n\t\t<!-- All in One SEO -->\n\n","aioseo_head_json":{"title":"Procon M\u00f3vel marca presen\u00e7a no Festival de Inverno de Campina Grande com atendimento ao consumidor, nesta sexta e s\u00e1bado - Encontra Campina Grande","description":"Procon M\u00f3vel proporciona atendimento ao consumidor no Festival de Inverno.","canonical_url":"https:\/\/www.encontracampinagrande.com.br\/sobre\/procon-movel-marca-presenca-no-festival-de-inverno-de-campina-grande-com-atendimento-ao-consumidor-nesta-sexta-e-sabado\/","robots":"max-image-preview:large","keywords":"","webmasterTools":{"miscellaneous":""},"schema":{"@context":"https:\/\/schema.org","@graph":[{"@type":"BlogPosting","@id":"https:\/\/www.encontracampinagrande.com.br\/sobre\/procon-movel-marca-presenca-no-festival-de-inverno-de-campina-grande-com-atendimento-ao-consumidor-nesta-sexta-e-sabado\/#blogposting","name":"Procon M\u00f3vel marca presen\u00e7a no Festival de Inverno de Campina Grande com atendimento ao consumidor, nesta sexta e s\u00e1bado - Encontra Campina Grande","headline":"Procon M\u00f3vel marca presen\u00e7a no Festival de Inverno de Campina Grande com atendimento ao consumidor, nesta sexta e s\u00e1bado","author":{"@id":"https:\/\/www.encontracampinagrande.com.br\/sobre\/author\/ecampinagrande\/#author"},"publisher":{"@id":"https:\/\/www.encontracampinagrande.com.br\/sobre\/#organization"},"image":{"@type":"ImageObject","url":"https:\/\/www.encontracampinagrande.com.br\/sobre\/wp-content\/uploads\/2026\/08\/procon-movel-marca-presenca-no-festival-de-inverno-de-campina-grande-com-atendimento-ao-consumidor-n.webp","width":280,"height":280,"caption":"Procon M\u00f3vel"},"datePublished":"2026-08-31T00:29:38-03:00","dateModified":"2026-08-31T00:29:38-03:00","inLanguage":"pt-BR","mainEntityOfPage":{"@id":"https:\/\/www.encontracampinagrande.com.br\/sobre\/procon-movel-marca-presenca-no-festival-de-inverno-de-campina-grande-com-atendimento-ao-consumidor-nesta-sexta-e-sabado\/#webpage"},"isPartOf":{"@id":"https:\/\/www.encontracampinagrande.com.br\/sobre\/procon-movel-marca-presenca-no-festival-de-inverno-de-campina-grande-com-atendimento-ao-consumidor-nesta-sexta-e-sabado\/#webpage"},"articleSection":"Not\u00edcias Campina Grande"},{"@type":"BreadcrumbList","@id":"https:\/\/www.encontracampinagrande.com.br\/sobre\/procon-movel-marca-presenca-no-festival-de-inverno-de-campina-grande-com-atendimento-ao-consumidor-nesta-sexta-e-sabado\/#breadcrumblist","itemListElement":[{"@type":"ListItem","@id":"https:\/\/www.encontracampinagrande.com.br\/sobre#listItem","position":1,"name":"In\u00edcio","item":"https:\/\/www.encontracampinagrande.com.br\/sobre","nextItem":{"@type":"ListItem","@id":"https:\/\/www.encontracampinagrande.com.br\/sobre\/noticias-em-campina-grande\/#listItem","name":"Not\u00edcias Campina Grande"}},{"@type":"ListItem","@id":"https:\/\/www.encontracampinagrande.com.br\/sobre\/noticias-em-campina-grande\/#listItem","position":2,"name":"Not\u00edcias Campina Grande","item":"https:\/\/www.encontracampinagrande.com.br\/sobre\/noticias-em-campina-grande\/","nextItem":{"@type":"ListItem","@id":"https:\/\/www.encontracampinagrande.com.br\/sobre\/procon-movel-marca-presenca-no-festival-de-inverno-de-campina-grande-com-atendimento-ao-consumidor-nesta-sexta-e-sabado\/#listItem","name":"Procon M\u00f3vel marca presen\u00e7a no Festival de Inverno de Campina Grande com atendimento ao consumidor, nesta sexta e s\u00e1bado"},"previousItem":{"@type":"ListItem","@id":"https:\/\/www.encontracampinagrande.com.br\/sobre#listItem","name":"In\u00edcio"}},{"@type":"ListItem","@id":"https:\/\/www.encontracampinagrande.com.br\/sobre\/procon-movel-marca-presenca-no-festival-de-inverno-de-campina-grande-com-atendimento-ao-consumidor-nesta-sexta-e-sabado\/#listItem","position":3,"name":"Procon M\u00f3vel marca presen\u00e7a no Festival de Inverno de Campina Grande com atendimento ao consumidor, nesta sexta e s\u00e1bado","previousItem":{"@type":"ListItem","@id":"https:\/\/www.encontracampinagrande.com.br\/sobre\/noticias-em-campina-grande\/#listItem","name":"Not\u00edcias Campina Grande"}}]},{"@type":"Organization","@id":"https:\/\/www.encontracampinagrande.com.br\/sobre\/#organization","name":"Not\u00edcias da Cidade Campina Grande","description":"Not\u00edcias, eventos, informa\u00e7\u00f5es e dicas na cidade de Campina Grande e regi\u00e3o.","url":"https:\/\/www.encontracampinagrande.com.br\/sobre\/"},{"@type":"Person","@id":"https:\/\/www.encontracampinagrande.com.br\/sobre\/author\/ecampinagrande\/#author","url":"https:\/\/www.encontracampinagrande.com.br\/sobre\/author\/ecampinagrande\/","name":"Encontra Campina Grande","image":{"@type":"ImageObject","@id":"https:\/\/www.encontracampinagrande.com.br\/sobre\/procon-movel-marca-presenca-no-festival-de-inverno-de-campina-grande-com-atendimento-ao-consumidor-nesta-sexta-e-sabado\/#authorImage","url":"https:\/\/secure.gravatar.com\/avatar\/507340682b8270222e1f208e23198b6ae7e2c6a1033ae84e99bc6bce4f82a387?s=96&d=mm&r=g","width":96,"height":96,"caption":"Encontra Campina Grande"}},{"@type":"WebPage","@id":"https:\/\/www.encontracampinagrande.com.br\/sobre\/procon-movel-marca-presenca-no-festival-de-inverno-de-campina-grande-com-atendimento-ao-consumidor-nesta-sexta-e-sabado\/#webpage","url":"https:\/\/www.encontracampinagrande.com.br\/sobre\/procon-movel-marca-presenca-no-festival-de-inverno-de-campina-grande-com-atendimento-ao-consumidor-nesta-sexta-e-sabado\/","name":"Procon M\u00f3vel marca presen\u00e7a no Festival de Inverno de Campina Grande com atendimento ao consumidor, nesta sexta e s\u00e1bado - Encontra Campina Grande","description":"Procon M\u00f3vel proporciona atendimento ao consumidor no Festival de Inverno.","inLanguage":"pt-BR","isPartOf":{"@id":"https:\/\/www.encontracampinagrande.com.br\/sobre\/#website"},"breadcrumb":{"@id":"https:\/\/www.encontracampinagrande.com.br\/sobre\/procon-movel-marca-presenca-no-festival-de-inverno-de-campina-grande-com-atendimento-ao-consumidor-nesta-sexta-e-sabado\/#breadcrumblist"},"author":{"@id":"https:\/\/www.encontracampinagrande.com.br\/sobre\/author\/ecampinagrande\/#author"},"creator":{"@id":"https:\/\/www.encontracampinagrande.com.br\/sobre\/author\/ecampinagrande\/#author"},"image":{"@type":"ImageObject","url":"https:\/\/www.encontracampinagrande.com.br\/sobre\/wp-content\/uploads\/2026\/08\/procon-movel-marca-presenca-no-festival-de-inverno-de-campina-grande-com-atendimento-ao-consumidor-n.webp","@id":"https:\/\/www.encontracampinagrande.com.br\/sobre\/procon-movel-marca-presenca-no-festival-de-inverno-de-campina-grande-com-atendimento-ao-consumidor-nesta-sexta-e-sabado\/#mainImage","width":280,"height":280,"caption":"Procon M\u00f3vel"},"primaryImageOfPage":{"@id":"https:\/\/www.encontracampinagrande.com.br\/sobre\/procon-movel-marca-presenca-no-festival-de-inverno-de-campina-grande-com-atendimento-ao-consumidor-nesta-sexta-e-sabado\/#mainImage"},"datePublished":"2026-08-31T00:29:38-03:00","dateModified":"2026-08-31T00:29:38-03:00"},{"@type":"WebSite","@id":"https:\/\/www.encontracampinagrande.com.br\/sobre\/#website","url":"https:\/\/www.encontracampinagrande.com.br\/sobre\/","name":"Not\u00edcias da Cidade Campina Grande","description":"Not\u00edcias, eventos, informa\u00e7\u00f5es e dicas na cidade de Campina Grande e regi\u00e3o.","inLanguage":"pt-BR","publisher":{"@id":"https:\/\/www.encontracampinagrande.com.br\/sobre\/#organization"}}]},"og:locale":"pt_BR","og:site_name":"Encontra Campina Grande - Not\u00edcias, eventos, informa\u00e7\u00f5es e dicas na cidade de Campina Grande e regi\u00e3o.","og:type":"article","og:title":"Procon M\u00f3vel marca presen\u00e7a no Festival de Inverno de Campina Grande com atendimento ao consumidor, nesta sexta e s\u00e1bado - Encontra Campina Grande","og:description":"Procon M\u00f3vel proporciona atendimento ao consumidor no Festival de Inverno.","og:url":"https:\/\/www.encontracampinagrande.com.br\/sobre\/procon-movel-marca-presenca-no-festival-de-inverno-de-campina-grande-com-atendimento-ao-consumidor-nesta-sexta-e-sabado\/","article:published_time":"2026-08-31T03:29:38+00:00","article:modified_time":"2026-08-31T03:29:38+00:00","twitter:card":"summary_large_image","twitter:title":"Procon M\u00f3vel marca presen\u00e7a no Festival de Inverno de Campina Grande com atendimento ao consumidor, nesta sexta e s\u00e1bado - Encontra Campina Grande","twitter:description":"Procon M\u00f3vel proporciona atendimento ao consumidor no Festival de Inverno."},"aioseo_meta_data":{"post_id":"1978","title":null,"description":null,"keywords":null,"keyphrases":null,"primary_term":null,"canonical_url":null,"og_title":null,"og_description":null,"og_object_type":"default","og_image_type":"default","og_image_url":null,"og_image_width":null,"og_image_height":null,"og_image_custom_url":null,"og_image_custom_fields":null,"og_video":null,"og_custom_url":null,"og_article_section":null,"og_article_tags":null,"twitter_use_og":false,"twitter_card":"default","twitter_image_type":"default","twitter_image_url":null,"twitter_image_custom_url":null,"twitter_image_custom_fields":null,"twitter_title":null,"twitter_description":null,"schema":{"blockGraphs":[],"customGraphs":[],"default":{"data":{"Article":[],"Course":[],"Dataset":[],"FAQPage":[],"Movie":[],"Person":[],"Product":[],"ProductReview":[],"Car":[],"Recipe":[],"Service":[],"SoftwareApplication":[],"WebPage":[]},"graphName":"","isEnabled":true},"graphs":[]},"schema_type":"default","schema_type_options":null,"pillar_content":false,"robots_default":true,"robots_noindex":false,"robots_noarchive":false,"robots_nosnippet":false,"robots_nofollow":false,"robots_noimageindex":false,"robots_noodp":false,"robots_notranslate":false,"robots_max_snippet":null,"robots_max_videopreview":null,"robots_max_imagepreview":"large","priority":null,"frequency":null,"local_seo":null,"breadcrumb_settings":null,"limit_modified_date":false,"ai":null,"created":"2026-08-31 03:30:41","updated":"2026-08-31 03:30:41","focus_keyword":null,"additional_keywords":null,"truseo_locale":null,"seo_analyzer_scan_date":null},"aioseo_breadcrumb":"<div class=\"aioseo-breadcrumbs\"><span class=\"aioseo-breadcrumb\">\n\t\t\t<a href=\"https:\/\/www.encontracampinagrande.com.br\/sobre\" title=\"In\u00edcio\">In\u00edcio<\/a>\n\t\t<\/span><span class=\"aioseo-breadcrumb-separator\">&raquo;<\/span><span class=\"aioseo-breadcrumb\">\n\t\t\t<a href=\"https:\/\/www.encontracampinagrande.com.br\/sobre\/noticias-em-campina-grande\/\" title=\"Not\u00edcias Campina Grande\">Not\u00edcias Campina Grande<\/a>\n\t\t<\/span><span class=\"aioseo-breadcrumb-separator\">&raquo;<\/span><span class=\"aioseo-breadcrumb\">\n\t\t\tProcon M\u00f3vel marca presen\u00e7a no Festival de Inverno de Campina Grande com atendimento ao consumidor, nesta sexta e s\u00e1bado\n\t\t<\/span><\/div>","aioseo_breadcrumb_json":[{"label":"In\u00edcio","link":"https:\/\/www.encontracampinagrande.com.br\/sobre"},{"label":"Not\u00edcias Campina Grande","link":"https:\/\/www.encontracampinagrande.com.br\/sobre\/noticias-em-campina-grande\/"},{"label":"Procon M\u00f3vel marca presen\u00e7a no Festival de Inverno de Campina Grande com atendimento ao consumidor, nesta sexta e s\u00e1bado","link":"https:\/\/www.encontracampinagrande.com.br\/sobre\/procon-movel-marca-presenca-no-festival-de-inverno-de-campina-grande-com-atendimento-ao-consumidor-nesta-sexta-e-sabado\/"}],"_links":{"self":[{"href":"https:\/\/www.encontracampinagrande.com.br\/sobre\/wp-json\/wp\/v2\/posts\/1978","targetHints":{"allow":["GET"]}}],"collection":[{"href":"https:\/\/www.encontracampinagrande.com.br\/sobre\/wp-json\/wp\/v2\/posts"}],"about":[{"href":"https:\/\/www.encontracampinagrande.com.br\/sobre\/wp-json\/wp\/v2\/types\/post"}],"author":[{"embeddable":true,"href":"https:\/\/www.encontracampinagrande.com.br\/sobre\/wp-json\/wp\/v2\/users\/1"}],"replies":[{"embeddable":true,"href":"https:\/\/www.encontracampinagrande.com.br\/sobre\/wp-json\/wp\/v2\/comments?post=1978"}],"version-history":[{"count":0,"href":"https:\/\/www.encontracampinagrande.com.br\/sobre\/wp-json\/wp\/v2\/posts\/1978\/revisions"}],"wp:featuredmedia":[{"embeddable":true,"href":"https:\/\/www.encontracampinagrande.com.br\/sobre\/wp-json\/wp\/v2\/media\/1977"}],"wp:attachment":[{"href":"https:\/\/www.encontracampinagrande.com.br\/sobre\/wp-json\/wp\/v2\/media?parent=1978"}],"wp:term":[{"taxonomy":"category","embeddable":true,"href":"https:\/\/www.encontracampinagrande.com.br\/sobre\/wp-json\/wp\/v2\/categories?post=1978"},{"taxonomy":"post_tag","embeddable":true,"href":"https:\/\/www.encontracampinagrande.com.br\/sobre\/wp-json\/wp\/v2\/tags?post=1978"}],"curies":[{"name":"wp","href":"https:\/\/api.w.org\/{rel}","templated":true}]}}