{"id":1967,"date":"2026-08-29T00:30:29","date_gmt":"2026-08-29T03:30:29","guid":{"rendered":"https:\/\/www.encontracampinagrande.com.br\/sobre\/abre-xv-semana-do-bebe-destacando-a-importancia-do-cuidado-e-do-vinculo-entre-geracoes-prefeitura-de-campina-grande\/"},"modified":"2026-08-29T00:30:29","modified_gmt":"2026-08-29T03:30:29","slug":"abre-xv-semana-do-bebe-destacando-a-importancia-do-cuidado-e-do-vinculo-entre-geracoes-prefeitura-de-campina-grande","status":"publish","type":"post","link":"https:\/\/www.encontracampinagrande.com.br\/sobre\/abre-xv-semana-do-bebe-destacando-a-importancia-do-cuidado-e-do-vinculo-entre-geracoes-prefeitura-de-campina-grande\/","title":{"rendered":"abre XV Semana do Beb\u00ea destacando a import\u00e2ncia do cuidado e do v\u00ednculo entre gera\u00e7\u00f5es | Prefeitura de Campina Grande"},"content":{"rendered":"<div class=\"b89f950780fb4e4d64d40062a6f17959\" data-index=\"1\" style=\"float: none; margin:0px;\">\n<!-- Anuncio display - global -->\r\n<ins class=\"adsbygoogle\"\r\n     style=\"display:block\"\r\n     data-ad-client=\"ca-pub-8585364105181520\"\r\n     data-ad-slot=\"8789329856\"\r\n     data-ad-format=\"auto\"\r\n     data-full-width-responsive=\"true\"><\/ins>\r\n<script>\r\n     (adsbygoogle = window.adsbygoogle || []).push({});\r\n<\/script>\n<\/div>\n<h2>O que \u00e9 a Semana do Beb\u00ea?<\/h2>\n<p>A Semana do Beb\u00ea \u00e9 uma iniciativa celebrada anualmente que visa promover e valorizar a primeira inf\u00e2ncia. Este evento, que j\u00e1 est\u00e1 na sua 15\u00aa edi\u00e7\u00e3o, se destaca por estabelecer um espa\u00e7o importante para discuss\u00e3o sobre as necessidades e os direitos das crian\u00e7as, al\u00e9m de integrar diversas a\u00e7\u00f5es voltadas para a prote\u00e7\u00e3o e o cuidado neste per\u00edodo crucial da vida.<\/p>\n<h2>Import\u00e2ncia do V\u00ednculo Intergeracional<\/h2>\n<p>Um dos aspectos centrais da Semana do Beb\u00ea \u00e9 a promo\u00e7\u00e3o do v\u00ednculo entre diferentes gera\u00e7\u00f5es, enfatizando a rela\u00e7\u00e3o entre crian\u00e7as e idosos. O fortalecimento desse elo \u00e9 fundamental para a constru\u00e7\u00e3o de uma sociedade mais s\u00f3lida, onde experi\u00eancias e mem\u00f3rias s\u00e3o compartilhadas. Este interc\u00e2mbio de saberes \u00e9 enriquecedor para ambas as partes, contribuindo para um ambiente familiar harmonioso e saud\u00e1vel.<\/p>\n<h2>Programa\u00e7\u00e3o Cultural da Semana do Beb\u00ea<\/h2>\n<p>A programa\u00e7\u00e3o da XV Semana do Beb\u00ea foi repleta de atividades culturais, que aconteceram em v\u00e1rias localidades. O evento inaugural contou com apresenta\u00e7\u00f5es de artistas locais, incluindo crian\u00e7as e idosos, enfatizando a import\u00e2ncia do resgate das tradi\u00e7\u00f5es e da cultura popular. Essas atividades foram projetadas para promover a intera\u00e7\u00e3o entre as gera\u00e7\u00f5es e estimular a criatividade das crian\u00e7as.<\/p>\n<p><img decoding=\"async\" src=\"https:\/\/www.encontracampinagrande.com.br\/sobre\/wp-content\/uploads\/2026\/08\/abre-xv-semana-do-bebe-destacando-a-importancia-do-cuidado-e-do-vinculo-entre-geracoes-prefeitura-de.webp\" alt=\"XV Semana do Beb\u00ea\" loading=\"lazy\" \/><\/p>\n<ul>\n<li><strong>Apresenta\u00e7\u00f5es Culturais:<\/strong> As crian\u00e7as da Escola Municipal Maria Jos\u00e9 de Carvalho performaram dan\u00e7as e cantigas de roda, relembrando brincadeiras tradicionais.<\/li>\n<li><strong>Atividades Intergeracionais:<\/strong> Idosos do Centro de Conviv\u00eancia do Idoso tamb\u00e9m se envolveram, oferecendo apresenta\u00e7\u00f5es que destacaram a habilidade e a vitalidade da terceira idade.<\/li>\n<\/ul>\n<h2>Homenagens e Reconhecimento<\/h2>\n<p>Durante a cerim\u00f4nia de abertura, foi prestada uma homenagem a Geuma Marques, coordenadora de Aten\u00e7\u00e3o \u00e0 Sa\u00fade da Crian\u00e7a, Adolescente e Jovem da Secretaria Municipal de Sa\u00fade. Ela foi reconhecida como Madrinha da XV Semana do Beb\u00ea devido ao seu envolvimento e contribui\u00e7\u00e3o ao longo dos \u00faltimos 15 anos.<\/p>\n<h2>Palestras que Transformam<\/h2>\n<p>Um dos momentos mais esperados do evento foi a palestra magna \u201cO tempo da vida: onde a primeira inf\u00e2ncia se conecta \u00e0 longevidade\u201d, proferida pela m\u00e9dica Luciana Maranh\u00e3o Medeiros de Sousa. A palestra abordou a interconex\u00e3o entre o cuidado na primeira inf\u00e2ncia e a sa\u00fade a longo prazo, destacando a import\u00e2ncia da prote\u00e7\u00e3o e do apoio nos primeiros anos de vida.<\/p>\n<h2>Atividades nas Comunidades<\/h2>\n<p>A Semana do Beb\u00ea se estendeu por toda a cidade, com diversas atividades planejadas para acontecer em unidades de sa\u00fade, creches e outros espa\u00e7os p\u00fablicos. Essa abordagem garantiu que a mensagem sobre os direitos e o cuidado com as crian\u00e7as atingisse um amplo p\u00fablico.<\/p>\n<ul>\n<li><strong>Rodas de Di\u00e1logo:<\/strong> Esses encontros trouxeram gestantes e m\u00e3es para discutir cuidados com a sa\u00fade infantil e pr\u00e1ticas de aleitamento materno.<\/li>\n<li><strong>Vacina\u00e7\u00e3o:<\/strong> A\u00e7\u00f5es de vacina\u00e7\u00e3o foram oferecidas para garantir a sa\u00fade das crian\u00e7as.<\/li>\n<li><strong>Atividades L\u00fadicas:<\/strong> Momentos de brincadeira e intera\u00e7\u00e3o definiram o esp\u00edrito da semana.<\/li>\n<\/ul>\n<h2>Cuidado e Prote\u00e7\u00e3o na Primeira Inf\u00e2ncia<\/h2>\n<p>O cuidado nos primeiros anos de vida \u00e9 fundamental para o desenvolvimento saud\u00e1vel das crian\u00e7as. A Semana do Beb\u00ea enfatizou a import\u00e2ncia de garantir um ambiente seguro e nutritivo para os pequenos, al\u00e9m de promover pol\u00edticas p\u00fablicas que garantam essa prote\u00e7\u00e3o.<\/p>\n<h2>Participa\u00e7\u00e3o das Fam\u00edlias<\/h2>\n<p>A participa\u00e7\u00e3o ativa das fam\u00edlias foi incentivada durante toda a programa\u00e7\u00e3o, com a\u00e7\u00f5es que n\u00e3o apenas inclu\u00edram os pais, mas tamb\u00e9m av\u00f3s e outros membros da fam\u00edlia. Esse envolvimento \u00e9 crucial para fortalecer os la\u00e7os familiares e assegurar um suporte cont\u00ednuo \u00e0s crian\u00e7as.<\/p>\n<h2>O Papel da Secretaria Municipal de Assist\u00eancia Social<\/h2>\n<p>A Secretaria Municipal de Assist\u00eancia Social (Semas) foi uma das principais respons\u00e1veis pela organiza\u00e7\u00e3o da Semana do Beb\u00ea, coordenando atividades que visavam o apoio \u00e0s fam\u00edlias e a promo\u00e7\u00e3o do bem-estar infantil. O secret\u00e1rio F\u00e1bio Thoma afirmou que as iniciativas concentraram-se em ampliar o trabalho que j\u00e1 \u00e9 realizado pela equipe, garantindo que o evento fosse um sucesso. <\/p>\n<h2>Impacto da Semana do Beb\u00ea na Cidade<\/h2>\n<p>A Semana do Beb\u00ea n\u00e3o se limita a uma simples comemora\u00e7\u00e3o; seu impacto vai al\u00e9m, promovendo mudan\u00e7as significativas na maneira como a sociedade v\u00ea e trata as crian\u00e7as. Ao longo da semana, as comunidades se uniram em torno do objetivo comum de cuidar e valorizar a primeira inf\u00e2ncia, criando um legado que perdurar\u00e1 por gera\u00e7\u00f5es.<\/p>\n\n<div style=\"font-size: 0px; height: 0px; line-height: 0px; margin: 0; padding: 0; clear: both;\"><\/div>","protected":false},"excerpt":{"rendered":"<p>XV Semana do Beb\u00ea destaca a import\u00e2ncia do v\u00ednculo entre gera\u00e7\u00f5es em Campina Grande.<\/p>\n","protected":false},"author":1,"featured_media":1966,"comment_status":"open","ping_status":"","sticky":false,"template":"","format":"standard","meta":{"footnotes":""},"categories":[17],"tags":[],"class_list":["post-1967","post","type-post","status-publish","format-standard","has-post-thumbnail","hentry","category-educacao-em-campina-grande","has_thumb"],"aioseo_notices":[],"aioseo_head":"\n\t\t<!-- All in One SEO 5.0.0.1 - aioseo.com -->\n\t<meta name=\"description\" content=\"XV Semana do Beb\u00ea destaca a import\u00e2ncia do v\u00ednculo entre gera\u00e7\u00f5es em Campina Grande.\" \/>\n\t<meta name=\"robots\" content=\"max-image-preview:large\" \/>\n\t<meta name=\"author\" content=\"Encontra Campina Grande\"\/>\n\t<link rel=\"canonical\" href=\"https:\/\/www.encontracampinagrande.com.br\/sobre\/abre-xv-semana-do-bebe-destacando-a-importancia-do-cuidado-e-do-vinculo-entre-geracoes-prefeitura-de-campina-grande\/\" \/>\n\t<meta name=\"generator\" content=\"All in One SEO (AIOSEO) 5.0.0.1\" \/>\n\t\t<meta property=\"og:locale\" content=\"pt_BR\" \/>\n\t\t<meta property=\"og:site_name\" content=\"Encontra Campina Grande - Not\u00edcias, eventos, informa\u00e7\u00f5es e dicas na cidade de Campina Grande e regi\u00e3o.\" \/>\n\t\t<meta property=\"og:type\" content=\"article\" \/>\n\t\t<meta property=\"og:title\" content=\"abre XV Semana do Beb\u00ea destacando a import\u00e2ncia do cuidado e do v\u00ednculo entre gera\u00e7\u00f5es | Prefeitura de Campina Grande - Encontra Campina Grande\" \/>\n\t\t<meta property=\"og:description\" content=\"XV Semana do Beb\u00ea destaca a import\u00e2ncia do v\u00ednculo entre gera\u00e7\u00f5es em Campina Grande.\" \/>\n\t\t<meta property=\"og:url\" content=\"https:\/\/www.encontracampinagrande.com.br\/sobre\/abre-xv-semana-do-bebe-destacando-a-importancia-do-cuidado-e-do-vinculo-entre-geracoes-prefeitura-de-campina-grande\/\" \/>\n\t\t<meta property=\"article:published_time\" content=\"2026-08-29T03:30:29+00:00\" \/>\n\t\t<meta property=\"article:modified_time\" content=\"2026-08-29T03:30:29+00:00\" \/>\n\t\t<meta name=\"twitter:card\" content=\"summary_large_image\" \/>\n\t\t<meta name=\"twitter:title\" content=\"abre XV Semana do Beb\u00ea destacando a import\u00e2ncia do cuidado e do v\u00ednculo entre gera\u00e7\u00f5es | Prefeitura de Campina Grande - Encontra Campina Grande\" \/>\n\t\t<meta name=\"twitter:description\" content=\"XV Semana do Beb\u00ea destaca a import\u00e2ncia do v\u00ednculo entre gera\u00e7\u00f5es em Campina Grande.\" \/>\n\t\t<script type=\"application\/ld+json\" class=\"aioseo-schema\">\n\t\t\t{\"@context\":\"https:\\\/\\\/schema.org\",\"@graph\":[{\"@type\":\"BlogPosting\",\"@id\":\"https:\\\/\\\/www.encontracampinagrande.com.br\\\/sobre\\\/abre-xv-semana-do-bebe-destacando-a-importancia-do-cuidado-e-do-vinculo-entre-geracoes-prefeitura-de-campina-grande\\\/#blogposting\",\"name\":\"abre XV Semana do Beb\\u00ea destacando a import\\u00e2ncia do cuidado e do v\\u00ednculo entre gera\\u00e7\\u00f5es | Prefeitura de Campina Grande - Encontra Campina Grande\",\"headline\":\"abre XV Semana do Beb\\u00ea destacando a import\\u00e2ncia do cuidado e do v\\u00ednculo entre gera\\u00e7\\u00f5es | Prefeitura de Campina Grande\",\"author\":{\"@id\":\"https:\\\/\\\/www.encontracampinagrande.com.br\\\/sobre\\\/author\\\/ecampinagrande\\\/#author\"},\"publisher\":{\"@id\":\"https:\\\/\\\/www.encontracampinagrande.com.br\\\/sobre\\\/#organization\"},\"image\":{\"@type\":\"ImageObject\",\"url\":\"https:\\\/\\\/www.encontracampinagrande.com.br\\\/sobre\\\/wp-content\\\/uploads\\\/2026\\\/08\\\/abre-xv-semana-do-bebe-destacando-a-importancia-do-cuidado-e-do-vinculo-entre-geracoes-prefeitura-de.webp\",\"width\":280,\"height\":280,\"caption\":\"XV Semana do Beb\\u00ea\"},\"datePublished\":\"2026-08-29T00:30:29-03:00\",\"dateModified\":\"2026-08-29T00:30:29-03:00\",\"inLanguage\":\"pt-BR\",\"mainEntityOfPage\":{\"@id\":\"https:\\\/\\\/www.encontracampinagrande.com.br\\\/sobre\\\/abre-xv-semana-do-bebe-destacando-a-importancia-do-cuidado-e-do-vinculo-entre-geracoes-prefeitura-de-campina-grande\\\/#webpage\"},\"isPartOf\":{\"@id\":\"https:\\\/\\\/www.encontracampinagrande.com.br\\\/sobre\\\/abre-xv-semana-do-bebe-destacando-a-importancia-do-cuidado-e-do-vinculo-entre-geracoes-prefeitura-de-campina-grande\\\/#webpage\"},\"articleSection\":\"Educa\\u00e7\\u00e3o Campina Grande\"},{\"@type\":\"BreadcrumbList\",\"@id\":\"https:\\\/\\\/www.encontracampinagrande.com.br\\\/sobre\\\/abre-xv-semana-do-bebe-destacando-a-importancia-do-cuidado-e-do-vinculo-entre-geracoes-prefeitura-de-campina-grande\\\/#breadcrumblist\",\"itemListElement\":[{\"@type\":\"ListItem\",\"@id\":\"https:\\\/\\\/www.encontracampinagrande.com.br\\\/sobre#listItem\",\"position\":1,\"name\":\"In\\u00edcio\",\"item\":\"https:\\\/\\\/www.encontracampinagrande.com.br\\\/sobre\",\"nextItem\":{\"@type\":\"ListItem\",\"@id\":\"https:\\\/\\\/www.encontracampinagrande.com.br\\\/sobre\\\/educacao-em-campina-grande\\\/#listItem\",\"name\":\"Educa\\u00e7\\u00e3o Campina Grande\"}},{\"@type\":\"ListItem\",\"@id\":\"https:\\\/\\\/www.encontracampinagrande.com.br\\\/sobre\\\/educacao-em-campina-grande\\\/#listItem\",\"position\":2,\"name\":\"Educa\\u00e7\\u00e3o Campina Grande\",\"item\":\"https:\\\/\\\/www.encontracampinagrande.com.br\\\/sobre\\\/educacao-em-campina-grande\\\/\",\"nextItem\":{\"@type\":\"ListItem\",\"@id\":\"https:\\\/\\\/www.encontracampinagrande.com.br\\\/sobre\\\/abre-xv-semana-do-bebe-destacando-a-importancia-do-cuidado-e-do-vinculo-entre-geracoes-prefeitura-de-campina-grande\\\/#listItem\",\"name\":\"abre XV Semana do Beb\\u00ea destacando a import\\u00e2ncia do cuidado e do v\\u00ednculo entre gera\\u00e7\\u00f5es | Prefeitura de Campina Grande\"},\"previousItem\":{\"@type\":\"ListItem\",\"@id\":\"https:\\\/\\\/www.encontracampinagrande.com.br\\\/sobre#listItem\",\"name\":\"In\\u00edcio\"}},{\"@type\":\"ListItem\",\"@id\":\"https:\\\/\\\/www.encontracampinagrande.com.br\\\/sobre\\\/abre-xv-semana-do-bebe-destacando-a-importancia-do-cuidado-e-do-vinculo-entre-geracoes-prefeitura-de-campina-grande\\\/#listItem\",\"position\":3,\"name\":\"abre XV Semana do Beb\\u00ea destacando a import\\u00e2ncia do cuidado e do v\\u00ednculo entre gera\\u00e7\\u00f5es | Prefeitura de Campina Grande\",\"previousItem\":{\"@type\":\"ListItem\",\"@id\":\"https:\\\/\\\/www.encontracampinagrande.com.br\\\/sobre\\\/educacao-em-campina-grande\\\/#listItem\",\"name\":\"Educa\\u00e7\\u00e3o Campina Grande\"}}]},{\"@type\":\"Organization\",\"@id\":\"https:\\\/\\\/www.encontracampinagrande.com.br\\\/sobre\\\/#organization\",\"name\":\"Not\\u00edcias da Cidade Campina Grande\",\"description\":\"Not\\u00edcias, eventos, informa\\u00e7\\u00f5es e dicas na cidade de Campina Grande e regi\\u00e3o.\",\"url\":\"https:\\\/\\\/www.encontracampinagrande.com.br\\\/sobre\\\/\"},{\"@type\":\"Person\",\"@id\":\"https:\\\/\\\/www.encontracampinagrande.com.br\\\/sobre\\\/author\\\/ecampinagrande\\\/#author\",\"url\":\"https:\\\/\\\/www.encontracampinagrande.com.br\\\/sobre\\\/author\\\/ecampinagrande\\\/\",\"name\":\"Encontra Campina Grande\",\"image\":{\"@type\":\"ImageObject\",\"@id\":\"https:\\\/\\\/www.encontracampinagrande.com.br\\\/sobre\\\/abre-xv-semana-do-bebe-destacando-a-importancia-do-cuidado-e-do-vinculo-entre-geracoes-prefeitura-de-campina-grande\\\/#authorImage\",\"url\":\"https:\\\/\\\/secure.gravatar.com\\\/avatar\\\/507340682b8270222e1f208e23198b6ae7e2c6a1033ae84e99bc6bce4f82a387?s=96&d=mm&r=g\",\"width\":96,\"height\":96,\"caption\":\"Encontra Campina Grande\"}},{\"@type\":\"WebPage\",\"@id\":\"https:\\\/\\\/www.encontracampinagrande.com.br\\\/sobre\\\/abre-xv-semana-do-bebe-destacando-a-importancia-do-cuidado-e-do-vinculo-entre-geracoes-prefeitura-de-campina-grande\\\/#webpage\",\"url\":\"https:\\\/\\\/www.encontracampinagrande.com.br\\\/sobre\\\/abre-xv-semana-do-bebe-destacando-a-importancia-do-cuidado-e-do-vinculo-entre-geracoes-prefeitura-de-campina-grande\\\/\",\"name\":\"abre XV Semana do Beb\\u00ea destacando a import\\u00e2ncia do cuidado e do v\\u00ednculo entre gera\\u00e7\\u00f5es | Prefeitura de Campina Grande - Encontra Campina Grande\",\"description\":\"XV Semana do Beb\\u00ea destaca a import\\u00e2ncia do v\\u00ednculo entre gera\\u00e7\\u00f5es em Campina Grande.\",\"inLanguage\":\"pt-BR\",\"isPartOf\":{\"@id\":\"https:\\\/\\\/www.encontracampinagrande.com.br\\\/sobre\\\/#website\"},\"breadcrumb\":{\"@id\":\"https:\\\/\\\/www.encontracampinagrande.com.br\\\/sobre\\\/abre-xv-semana-do-bebe-destacando-a-importancia-do-cuidado-e-do-vinculo-entre-geracoes-prefeitura-de-campina-grande\\\/#breadcrumblist\"},\"author\":{\"@id\":\"https:\\\/\\\/www.encontracampinagrande.com.br\\\/sobre\\\/author\\\/ecampinagrande\\\/#author\"},\"creator\":{\"@id\":\"https:\\\/\\\/www.encontracampinagrande.com.br\\\/sobre\\\/author\\\/ecampinagrande\\\/#author\"},\"image\":{\"@type\":\"ImageObject\",\"url\":\"https:\\\/\\\/www.encontracampinagrande.com.br\\\/sobre\\\/wp-content\\\/uploads\\\/2026\\\/08\\\/abre-xv-semana-do-bebe-destacando-a-importancia-do-cuidado-e-do-vinculo-entre-geracoes-prefeitura-de.webp\",\"@id\":\"https:\\\/\\\/www.encontracampinagrande.com.br\\\/sobre\\\/abre-xv-semana-do-bebe-destacando-a-importancia-do-cuidado-e-do-vinculo-entre-geracoes-prefeitura-de-campina-grande\\\/#mainImage\",\"width\":280,\"height\":280,\"caption\":\"XV Semana do Beb\\u00ea\"},\"primaryImageOfPage\":{\"@id\":\"https:\\\/\\\/www.encontracampinagrande.com.br\\\/sobre\\\/abre-xv-semana-do-bebe-destacando-a-importancia-do-cuidado-e-do-vinculo-entre-geracoes-prefeitura-de-campina-grande\\\/#mainImage\"},\"datePublished\":\"2026-08-29T00:30:29-03:00\",\"dateModified\":\"2026-08-29T00:30:29-03:00\"},{\"@type\":\"WebSite\",\"@id\":\"https:\\\/\\\/www.encontracampinagrande.com.br\\\/sobre\\\/#website\",\"url\":\"https:\\\/\\\/www.encontracampinagrande.com.br\\\/sobre\\\/\",\"name\":\"Not\\u00edcias da Cidade Campina Grande\",\"description\":\"Not\\u00edcias, eventos, informa\\u00e7\\u00f5es e dicas na cidade de Campina Grande e regi\\u00e3o.\",\"inLanguage\":\"pt-BR\",\"publisher\":{\"@id\":\"https:\\\/\\\/www.encontracampinagrande.com.br\\\/sobre\\\/#organization\"}}]}\n\t\t<\/script>\n\t\t<!-- All in One SEO -->\n\n","aioseo_head_json":{"title":"abre XV Semana do Beb\u00ea destacando a import\u00e2ncia do cuidado e do v\u00ednculo entre gera\u00e7\u00f5es | Prefeitura de Campina Grande - Encontra Campina Grande","description":"XV Semana do Beb\u00ea destaca a import\u00e2ncia do v\u00ednculo entre gera\u00e7\u00f5es em Campina Grande.","canonical_url":"https:\/\/www.encontracampinagrande.com.br\/sobre\/abre-xv-semana-do-bebe-destacando-a-importancia-do-cuidado-e-do-vinculo-entre-geracoes-prefeitura-de-campina-grande\/","robots":"max-image-preview:large","keywords":"","webmasterTools":{"miscellaneous":""},"schema":{"@context":"https:\/\/schema.org","@graph":[{"@type":"BlogPosting","@id":"https:\/\/www.encontracampinagrande.com.br\/sobre\/abre-xv-semana-do-bebe-destacando-a-importancia-do-cuidado-e-do-vinculo-entre-geracoes-prefeitura-de-campina-grande\/#blogposting","name":"abre XV Semana do Beb\u00ea destacando a import\u00e2ncia do cuidado e do v\u00ednculo entre gera\u00e7\u00f5es | Prefeitura de Campina Grande - Encontra Campina Grande","headline":"abre XV Semana do Beb\u00ea destacando a import\u00e2ncia do cuidado e do v\u00ednculo entre gera\u00e7\u00f5es | Prefeitura de Campina Grande","author":{"@id":"https:\/\/www.encontracampinagrande.com.br\/sobre\/author\/ecampinagrande\/#author"},"publisher":{"@id":"https:\/\/www.encontracampinagrande.com.br\/sobre\/#organization"},"image":{"@type":"ImageObject","url":"https:\/\/www.encontracampinagrande.com.br\/sobre\/wp-content\/uploads\/2026\/08\/abre-xv-semana-do-bebe-destacando-a-importancia-do-cuidado-e-do-vinculo-entre-geracoes-prefeitura-de.webp","width":280,"height":280,"caption":"XV Semana do Beb\u00ea"},"datePublished":"2026-08-29T00:30:29-03:00","dateModified":"2026-08-29T00:30:29-03:00","inLanguage":"pt-BR","mainEntityOfPage":{"@id":"https:\/\/www.encontracampinagrande.com.br\/sobre\/abre-xv-semana-do-bebe-destacando-a-importancia-do-cuidado-e-do-vinculo-entre-geracoes-prefeitura-de-campina-grande\/#webpage"},"isPartOf":{"@id":"https:\/\/www.encontracampinagrande.com.br\/sobre\/abre-xv-semana-do-bebe-destacando-a-importancia-do-cuidado-e-do-vinculo-entre-geracoes-prefeitura-de-campina-grande\/#webpage"},"articleSection":"Educa\u00e7\u00e3o Campina Grande"},{"@type":"BreadcrumbList","@id":"https:\/\/www.encontracampinagrande.com.br\/sobre\/abre-xv-semana-do-bebe-destacando-a-importancia-do-cuidado-e-do-vinculo-entre-geracoes-prefeitura-de-campina-grande\/#breadcrumblist","itemListElement":[{"@type":"ListItem","@id":"https:\/\/www.encontracampinagrande.com.br\/sobre#listItem","position":1,"name":"In\u00edcio","item":"https:\/\/www.encontracampinagrande.com.br\/sobre","nextItem":{"@type":"ListItem","@id":"https:\/\/www.encontracampinagrande.com.br\/sobre\/educacao-em-campina-grande\/#listItem","name":"Educa\u00e7\u00e3o Campina Grande"}},{"@type":"ListItem","@id":"https:\/\/www.encontracampinagrande.com.br\/sobre\/educacao-em-campina-grande\/#listItem","position":2,"name":"Educa\u00e7\u00e3o Campina Grande","item":"https:\/\/www.encontracampinagrande.com.br\/sobre\/educacao-em-campina-grande\/","nextItem":{"@type":"ListItem","@id":"https:\/\/www.encontracampinagrande.com.br\/sobre\/abre-xv-semana-do-bebe-destacando-a-importancia-do-cuidado-e-do-vinculo-entre-geracoes-prefeitura-de-campina-grande\/#listItem","name":"abre XV Semana do Beb\u00ea destacando a import\u00e2ncia do cuidado e do v\u00ednculo entre gera\u00e7\u00f5es | Prefeitura de Campina Grande"},"previousItem":{"@type":"ListItem","@id":"https:\/\/www.encontracampinagrande.com.br\/sobre#listItem","name":"In\u00edcio"}},{"@type":"ListItem","@id":"https:\/\/www.encontracampinagrande.com.br\/sobre\/abre-xv-semana-do-bebe-destacando-a-importancia-do-cuidado-e-do-vinculo-entre-geracoes-prefeitura-de-campina-grande\/#listItem","position":3,"name":"abre XV Semana do Beb\u00ea destacando a import\u00e2ncia do cuidado e do v\u00ednculo entre gera\u00e7\u00f5es | Prefeitura de Campina Grande","previousItem":{"@type":"ListItem","@id":"https:\/\/www.encontracampinagrande.com.br\/sobre\/educacao-em-campina-grande\/#listItem","name":"Educa\u00e7\u00e3o Campina Grande"}}]},{"@type":"Organization","@id":"https:\/\/www.encontracampinagrande.com.br\/sobre\/#organization","name":"Not\u00edcias da Cidade Campina Grande","description":"Not\u00edcias, eventos, informa\u00e7\u00f5es e dicas na cidade de Campina Grande e regi\u00e3o.","url":"https:\/\/www.encontracampinagrande.com.br\/sobre\/"},{"@type":"Person","@id":"https:\/\/www.encontracampinagrande.com.br\/sobre\/author\/ecampinagrande\/#author","url":"https:\/\/www.encontracampinagrande.com.br\/sobre\/author\/ecampinagrande\/","name":"Encontra Campina Grande","image":{"@type":"ImageObject","@id":"https:\/\/www.encontracampinagrande.com.br\/sobre\/abre-xv-semana-do-bebe-destacando-a-importancia-do-cuidado-e-do-vinculo-entre-geracoes-prefeitura-de-campina-grande\/#authorImage","url":"https:\/\/secure.gravatar.com\/avatar\/507340682b8270222e1f208e23198b6ae7e2c6a1033ae84e99bc6bce4f82a387?s=96&d=mm&r=g","width":96,"height":96,"caption":"Encontra Campina Grande"}},{"@type":"WebPage","@id":"https:\/\/www.encontracampinagrande.com.br\/sobre\/abre-xv-semana-do-bebe-destacando-a-importancia-do-cuidado-e-do-vinculo-entre-geracoes-prefeitura-de-campina-grande\/#webpage","url":"https:\/\/www.encontracampinagrande.com.br\/sobre\/abre-xv-semana-do-bebe-destacando-a-importancia-do-cuidado-e-do-vinculo-entre-geracoes-prefeitura-de-campina-grande\/","name":"abre XV Semana do Beb\u00ea destacando a import\u00e2ncia do cuidado e do v\u00ednculo entre gera\u00e7\u00f5es | Prefeitura de Campina Grande - Encontra Campina Grande","description":"XV Semana do Beb\u00ea destaca a import\u00e2ncia do v\u00ednculo entre gera\u00e7\u00f5es em Campina Grande.","inLanguage":"pt-BR","isPartOf":{"@id":"https:\/\/www.encontracampinagrande.com.br\/sobre\/#website"},"breadcrumb":{"@id":"https:\/\/www.encontracampinagrande.com.br\/sobre\/abre-xv-semana-do-bebe-destacando-a-importancia-do-cuidado-e-do-vinculo-entre-geracoes-prefeitura-de-campina-grande\/#breadcrumblist"},"author":{"@id":"https:\/\/www.encontracampinagrande.com.br\/sobre\/author\/ecampinagrande\/#author"},"creator":{"@id":"https:\/\/www.encontracampinagrande.com.br\/sobre\/author\/ecampinagrande\/#author"},"image":{"@type":"ImageObject","url":"https:\/\/www.encontracampinagrande.com.br\/sobre\/wp-content\/uploads\/2026\/08\/abre-xv-semana-do-bebe-destacando-a-importancia-do-cuidado-e-do-vinculo-entre-geracoes-prefeitura-de.webp","@id":"https:\/\/www.encontracampinagrande.com.br\/sobre\/abre-xv-semana-do-bebe-destacando-a-importancia-do-cuidado-e-do-vinculo-entre-geracoes-prefeitura-de-campina-grande\/#mainImage","width":280,"height":280,"caption":"XV Semana do Beb\u00ea"},"primaryImageOfPage":{"@id":"https:\/\/www.encontracampinagrande.com.br\/sobre\/abre-xv-semana-do-bebe-destacando-a-importancia-do-cuidado-e-do-vinculo-entre-geracoes-prefeitura-de-campina-grande\/#mainImage"},"datePublished":"2026-08-29T00:30:29-03:00","dateModified":"2026-08-29T00:30:29-03:00"},{"@type":"WebSite","@id":"https:\/\/www.encontracampinagrande.com.br\/sobre\/#website","url":"https:\/\/www.encontracampinagrande.com.br\/sobre\/","name":"Not\u00edcias da Cidade Campina Grande","description":"Not\u00edcias, eventos, informa\u00e7\u00f5es e dicas na cidade de Campina Grande e regi\u00e3o.","inLanguage":"pt-BR","publisher":{"@id":"https:\/\/www.encontracampinagrande.com.br\/sobre\/#organization"}}]},"og:locale":"pt_BR","og:site_name":"Encontra Campina Grande - Not\u00edcias, eventos, informa\u00e7\u00f5es e dicas na cidade de Campina Grande e regi\u00e3o.","og:type":"article","og:title":"abre XV Semana do Beb\u00ea destacando a import\u00e2ncia do cuidado e do v\u00ednculo entre gera\u00e7\u00f5es | Prefeitura de Campina Grande - Encontra Campina Grande","og:description":"XV Semana do Beb\u00ea destaca a import\u00e2ncia do v\u00ednculo entre gera\u00e7\u00f5es em Campina Grande.","og:url":"https:\/\/www.encontracampinagrande.com.br\/sobre\/abre-xv-semana-do-bebe-destacando-a-importancia-do-cuidado-e-do-vinculo-entre-geracoes-prefeitura-de-campina-grande\/","article:published_time":"2026-08-29T03:30:29+00:00","article:modified_time":"2026-08-29T03:30:29+00:00","twitter:card":"summary_large_image","twitter:title":"abre XV Semana do Beb\u00ea destacando a import\u00e2ncia do cuidado e do v\u00ednculo entre gera\u00e7\u00f5es | Prefeitura de Campina Grande - Encontra Campina Grande","twitter:description":"XV Semana do Beb\u00ea destaca a import\u00e2ncia do v\u00ednculo entre gera\u00e7\u00f5es em Campina Grande."},"aioseo_meta_data":{"post_id":"1967","title":null,"description":null,"keywords":null,"keyphrases":null,"primary_term":null,"canonical_url":null,"og_title":null,"og_description":null,"og_object_type":"default","og_image_type":"default","og_image_url":null,"og_image_width":null,"og_image_height":null,"og_image_custom_url":null,"og_image_custom_fields":null,"og_video":null,"og_custom_url":null,"og_article_section":null,"og_article_tags":null,"twitter_use_og":false,"twitter_card":"default","twitter_image_type":"default","twitter_image_url":null,"twitter_image_custom_url":null,"twitter_image_custom_fields":null,"twitter_title":null,"twitter_description":null,"schema":{"blockGraphs":[],"customGraphs":[],"default":{"data":{"Article":[],"Course":[],"Dataset":[],"FAQPage":[],"Movie":[],"Person":[],"Product":[],"ProductReview":[],"Car":[],"Recipe":[],"Service":[],"SoftwareApplication":[],"WebPage":[]},"graphName":"","isEnabled":true},"graphs":[]},"schema_type":"default","schema_type_options":null,"pillar_content":false,"robots_default":true,"robots_noindex":false,"robots_noarchive":false,"robots_nosnippet":false,"robots_nofollow":false,"robots_noimageindex":false,"robots_noodp":false,"robots_notranslate":false,"robots_max_snippet":null,"robots_max_videopreview":null,"robots_max_imagepreview":"large","priority":null,"frequency":null,"local_seo":null,"breadcrumb_settings":null,"limit_modified_date":false,"ai":null,"created":"2026-08-29 03:30:32","updated":"2026-08-29 03:30:32","focus_keyword":null,"additional_keywords":null,"truseo_locale":null,"seo_analyzer_scan_date":null},"aioseo_breadcrumb":"<div class=\"aioseo-breadcrumbs\"><span class=\"aioseo-breadcrumb\">\n\t\t\t<a href=\"https:\/\/www.encontracampinagrande.com.br\/sobre\" title=\"In\u00edcio\">In\u00edcio<\/a>\n\t\t<\/span><span class=\"aioseo-breadcrumb-separator\">&raquo;<\/span><span class=\"aioseo-breadcrumb\">\n\t\t\t<a href=\"https:\/\/www.encontracampinagrande.com.br\/sobre\/educacao-em-campina-grande\/\" title=\"Educa\u00e7\u00e3o Campina Grande\">Educa\u00e7\u00e3o Campina Grande<\/a>\n\t\t<\/span><span class=\"aioseo-breadcrumb-separator\">&raquo;<\/span><span class=\"aioseo-breadcrumb\">\n\t\t\tabre XV Semana do Beb\u00ea destacando a import\u00e2ncia do cuidado e do v\u00ednculo entre gera\u00e7\u00f5es | Prefeitura de Campina Grande\n\t\t<\/span><\/div>","aioseo_breadcrumb_json":[{"label":"In\u00edcio","link":"https:\/\/www.encontracampinagrande.com.br\/sobre"},{"label":"Educa\u00e7\u00e3o Campina Grande","link":"https:\/\/www.encontracampinagrande.com.br\/sobre\/educacao-em-campina-grande\/"},{"label":"abre XV Semana do Beb\u00ea destacando a import\u00e2ncia do cuidado e do v\u00ednculo entre gera\u00e7\u00f5es | Prefeitura de Campina Grande","link":"https:\/\/www.encontracampinagrande.com.br\/sobre\/abre-xv-semana-do-bebe-destacando-a-importancia-do-cuidado-e-do-vinculo-entre-geracoes-prefeitura-de-campina-grande\/"}],"_links":{"self":[{"href":"https:\/\/www.encontracampinagrande.com.br\/sobre\/wp-json\/wp\/v2\/posts\/1967","targetHints":{"allow":["GET"]}}],"collection":[{"href":"https:\/\/www.encontracampinagrande.com.br\/sobre\/wp-json\/wp\/v2\/posts"}],"about":[{"href":"https:\/\/www.encontracampinagrande.com.br\/sobre\/wp-json\/wp\/v2\/types\/post"}],"author":[{"embeddable":true,"href":"https:\/\/www.encontracampinagrande.com.br\/sobre\/wp-json\/wp\/v2\/users\/1"}],"replies":[{"embeddable":true,"href":"https:\/\/www.encontracampinagrande.com.br\/sobre\/wp-json\/wp\/v2\/comments?post=1967"}],"version-history":[{"count":0,"href":"https:\/\/www.encontracampinagrande.com.br\/sobre\/wp-json\/wp\/v2\/posts\/1967\/revisions"}],"wp:featuredmedia":[{"embeddable":true,"href":"https:\/\/www.encontracampinagrande.com.br\/sobre\/wp-json\/wp\/v2\/media\/1966"}],"wp:attachment":[{"href":"https:\/\/www.encontracampinagrande.com.br\/sobre\/wp-json\/wp\/v2\/media?parent=1967"}],"wp:term":[{"taxonomy":"category","embeddable":true,"href":"https:\/\/www.encontracampinagrande.com.br\/sobre\/wp-json\/wp\/v2\/categories?post=1967"},{"taxonomy":"post_tag","embeddable":true,"href":"https:\/\/www.encontracampinagrande.com.br\/sobre\/wp-json\/wp\/v2\/tags?post=1967"}],"curies":[{"name":"wp","href":"https:\/\/api.w.org\/{rel}","templated":true}]}}